{"id":1310,"date":"2024-01-10T17:35:18","date_gmt":"2024-01-10T16:35:18","guid":{"rendered":"https:\/\/adventtrail.ch\/la-ligniere-gland\/"},"modified":"2024-06-30T11:25:05","modified_gmt":"2024-06-30T10:25:05","slug":"la-ligniere-gland","status":"publish","type":"post","link":"https:\/\/adventtrail.ch\/de\/la-ligniere-gland\/","title":{"rendered":"La Ligni\u00e8re &#8211; Gland"},"content":{"rendered":"\n<h4 class=\"wp-block-heading\">Von Kanada bis zum Genfersee<\/h4>\n\n<figure class=\"wp-block-embed is-type-video is-provider-vimeo wp-block-embed-vimeo wp-embed-aspect-16-9 wp-has-aspect-ratio\"><div class=\"wp-block-embed__wrapper\">\n<iframe loading=\"lazy\" title=\"P.A. De Forest\" src=\"https:\/\/player.vimeo.com\/video\/901253800?dnt=1&amp;app_id=122963\" width=\"500\" height=\"281\" frameborder=\"0\" allow=\"autoplay; fullscreen; picture-in-picture; clipboard-write\"><\/iframe>\n<\/div><\/figure>\n\n<p>Perry Alfred De Forest, kanadischer Abstammung, schloss sich 1887 unter dem Einfluss seines Onkels, des Evangelisten George Albert King, den Adventisten an. 1887 wurde er zum ersten Mal Mitglied der Adventisten. Nach einer Ausbildung zum Krankenpfleger in Battle Creek, Michigan, studierte er Medizin an der Universit\u00e4t von Cincinnati. Er war bis 1895 Mitarbeiter von John Harvey Kellog. Mit seiner Frau und seinen beiden kleinen T\u00f6chtern reiste er 1895 nach Basel, dem Sitz der Adventisten in Europa. Mit seiner Hilfe wurde das Sanit\u00e4tsinstitut zun\u00e4chst in Basel gegr\u00fcndet und Anfang 1896 er\u00f6ffnet. In Verbindung mit diesem Institut gab es auch eine Fabrik f\u00fcr gesunde Lebensmittel und eine Krankenpflegeschule f\u00fcr M\u00e4nner und Frauen.<br\/><em>&#8222;1904 wurde ein 35 Hektar gro\u00dfes Grundst\u00fcck am Ufer des Genfer Sees in La Ligni\u00e8re, Waadt, auf halbem Weg zwischen Lausanne und Genf erworben. Einige der Geb\u00e4ude auf dem Grundst\u00fcck wurden schnell umgebaut, um den unmittelbaren Bedarf zu decken, so dass das medizinische Institut und die Krankenpflegeschule im Juni 1905 von Basel nach Gland verlegt werden konnten. Dr. De Forest behielt seine Verantwortung, aber da er ein Ausl\u00e4nder ohne Schweizer Diplom war, wurde ein anderer Arzt rechtlich verantwortlich gemacht. Die Einrichtung in Gland erhielt den Namen &#8222;Sanatorium du L\u00e9man&#8220;.<\/em> <br\/>(nach einem Artikel in der Seventh-Day Adventist Encyclopedia.  <br\/>Es geh\u00f6rte zusammen mit der PHAG-Fabrik der Philanthropischen Gesellschaft von La Ligni\u00e8re.<br\/>De Forest wird als Pionier der adventistischen Gesundheitsreform in Europa angesehen.<\/p>\n\n<figure class=\"wp-block-gallery has-nested-images columns-default is-cropped wp-block-gallery-1 is-layout-flex wp-block-gallery-is-layout-flex\">\n<figure class=\"wp-block-image size-large\"><img loading=\"lazy\" decoding=\"async\" width=\"1024\" height=\"830\" data-id=\"418\" src=\"https:\/\/adventtrail.ch\/wp-content\/uploads\/2024\/01\/img_0511-de-forest-famille-copie-1024x830.jpg\" alt=\"\" class=\"wp-image-418\" srcset=\"https:\/\/adventtrail.ch\/wp-content\/uploads\/2024\/01\/img_0511-de-forest-famille-copie-1024x830.jpg 1024w, https:\/\/adventtrail.ch\/wp-content\/uploads\/2024\/01\/img_0511-de-forest-famille-copie-300x243.jpg 300w, https:\/\/adventtrail.ch\/wp-content\/uploads\/2024\/01\/img_0511-de-forest-famille-copie-768x622.jpg 768w, https:\/\/adventtrail.ch\/wp-content\/uploads\/2024\/01\/img_0511-de-forest-famille-copie-1536x1245.jpg 1536w, https:\/\/adventtrail.ch\/wp-content\/uploads\/2024\/01\/img_0511-de-forest-famille-copie-2048x1660.jpg 2048w\" sizes=\"auto, (max-width: 1024px) 100vw, 1024px\" \/><\/figure>\n\n\n\n<figure class=\"wp-block-image size-large\"><img loading=\"lazy\" decoding=\"async\" width=\"1024\" height=\"768\" data-id=\"424\" src=\"https:\/\/adventtrail.ch\/wp-content\/uploads\/2024\/01\/img_0514-de-forest-livre-et-stetoscope-1024x768.jpg\" alt=\"\" class=\"wp-image-424\" srcset=\"https:\/\/adventtrail.ch\/wp-content\/uploads\/2024\/01\/img_0514-de-forest-livre-et-stetoscope-1024x768.jpg 1024w, https:\/\/adventtrail.ch\/wp-content\/uploads\/2024\/01\/img_0514-de-forest-livre-et-stetoscope-300x225.jpg 300w, https:\/\/adventtrail.ch\/wp-content\/uploads\/2024\/01\/img_0514-de-forest-livre-et-stetoscope-768x576.jpg 768w, https:\/\/adventtrail.ch\/wp-content\/uploads\/2024\/01\/img_0514-de-forest-livre-et-stetoscope-1536x1152.jpg 1536w, https:\/\/adventtrail.ch\/wp-content\/uploads\/2024\/01\/img_0514-de-forest-livre-et-stetoscope-2048x1536.jpg 2048w\" sizes=\"auto, (max-width: 1024px) 100vw, 1024px\" \/><\/figure>\n\n\n\n<figure class=\"wp-block-image size-large\"><img loading=\"lazy\" decoding=\"async\" width=\"1024\" height=\"768\" data-id=\"421\" src=\"https:\/\/adventtrail.ch\/wp-content\/uploads\/2024\/01\/img_0515-de-forest-ecole-1024x768.jpg\" alt=\"\" class=\"wp-image-421\" srcset=\"https:\/\/adventtrail.ch\/wp-content\/uploads\/2024\/01\/img_0515-de-forest-ecole-1024x768.jpg 1024w, https:\/\/adventtrail.ch\/wp-content\/uploads\/2024\/01\/img_0515-de-forest-ecole-300x225.jpg 300w, https:\/\/adventtrail.ch\/wp-content\/uploads\/2024\/01\/img_0515-de-forest-ecole-768x576.jpg 768w, https:\/\/adventtrail.ch\/wp-content\/uploads\/2024\/01\/img_0515-de-forest-ecole-1536x1152.jpg 1536w, https:\/\/adventtrail.ch\/wp-content\/uploads\/2024\/01\/img_0515-de-forest-ecole-2048x1536.jpg 2048w\" sizes=\"auto, (max-width: 1024px) 100vw, 1024px\" \/><\/figure>\n\n\n\n<figure class=\"wp-block-image size-large\"><img loading=\"lazy\" decoding=\"async\" width=\"1024\" height=\"768\" data-id=\"405\" src=\"https:\/\/adventtrail.ch\/wp-content\/uploads\/2024\/01\/img_0510-de-forest-phag-arome-1024x768.jpg\" alt=\"\" class=\"wp-image-405\" srcset=\"https:\/\/adventtrail.ch\/wp-content\/uploads\/2024\/01\/img_0510-de-forest-phag-arome-1024x768.jpg 1024w, https:\/\/adventtrail.ch\/wp-content\/uploads\/2024\/01\/img_0510-de-forest-phag-arome-300x225.jpg 300w, https:\/\/adventtrail.ch\/wp-content\/uploads\/2024\/01\/img_0510-de-forest-phag-arome-768x576.jpg 768w, https:\/\/adventtrail.ch\/wp-content\/uploads\/2024\/01\/img_0510-de-forest-phag-arome-1536x1152.jpg 1536w, https:\/\/adventtrail.ch\/wp-content\/uploads\/2024\/01\/img_0510-de-forest-phag-arome-2048x1536.jpg 2048w\" sizes=\"auto, (max-width: 1024px) 100vw, 1024px\" \/><\/figure>\n\n\n\n<figure class=\"wp-block-image size-large\"><img loading=\"lazy\" decoding=\"async\" width=\"768\" height=\"1024\" data-id=\"476\" src=\"https:\/\/adventtrail.ch\/wp-content\/uploads\/2024\/01\/img_0513-de-forest-portrait-et-materiel-medical-768x1024.jpg\" alt=\"\" class=\"wp-image-476\" srcset=\"https:\/\/adventtrail.ch\/wp-content\/uploads\/2024\/01\/img_0513-de-forest-portrait-et-materiel-medical-768x1024.jpg 768w, https:\/\/adventtrail.ch\/wp-content\/uploads\/2024\/01\/img_0513-de-forest-portrait-et-materiel-medical-225x300.jpg 225w, https:\/\/adventtrail.ch\/wp-content\/uploads\/2024\/01\/img_0513-de-forest-portrait-et-materiel-medical-1152x1536.jpg 1152w, https:\/\/adventtrail.ch\/wp-content\/uploads\/2024\/01\/img_0513-de-forest-portrait-et-materiel-medical-1536x2048.jpg 1536w, https:\/\/adventtrail.ch\/wp-content\/uploads\/2024\/01\/img_0513-de-forest-portrait-et-materiel-medical-scaled.jpg 1920w\" sizes=\"auto, (max-width: 768px) 100vw, 768px\" \/><\/figure>\n\n\n\n<figure class=\"wp-block-image size-large\"><img loading=\"lazy\" decoding=\"async\" width=\"1024\" height=\"768\" data-id=\"420\" src=\"https:\/\/adventtrail.ch\/wp-content\/uploads\/2024\/01\/img_0509-de-forest-phag-grano-choc-1024x768.jpg\" alt=\"\" class=\"wp-image-420\" srcset=\"https:\/\/adventtrail.ch\/wp-content\/uploads\/2024\/01\/img_0509-de-forest-phag-grano-choc-1024x768.jpg 1024w, https:\/\/adventtrail.ch\/wp-content\/uploads\/2024\/01\/img_0509-de-forest-phag-grano-choc-300x225.jpg 300w, https:\/\/adventtrail.ch\/wp-content\/uploads\/2024\/01\/img_0509-de-forest-phag-grano-choc-768x576.jpg 768w, https:\/\/adventtrail.ch\/wp-content\/uploads\/2024\/01\/img_0509-de-forest-phag-grano-choc-1536x1152.jpg 1536w, https:\/\/adventtrail.ch\/wp-content\/uploads\/2024\/01\/img_0509-de-forest-phag-grano-choc-2048x1536.jpg 2048w\" sizes=\"auto, (max-width: 1024px) 100vw, 1024px\" \/><\/figure>\n<\/figure>\n\n<h4 class=\"wp-block-heading\">Die PHAG-Fabrik<\/h4>\n\n<div class=\"wp-block-media-text alignwide is-stacked-on-mobile\" style=\"grid-template-columns:20% auto\"><figure class=\"wp-block-media-text__media\"><img decoding=\"async\" src=\"https:\/\/adventrail.wordpress.com\/wp-content\/uploads\/2024\/01\/img_0508-de-forest-phag-produits.jpg?w=1024\" alt=\"\" class=\"wp-image-270 size-full\"\/><\/figure><div class=\"wp-block-media-text__content\">\n<p>Nach dem Umzug von Basel nach Gland im Jahr 1905 wurde die Fabrik f\u00fcr gesunde Lebensmittel PHAG genannt. Dies bedeutet urspr\u00fcnglich Hygienische Lebensmittelprodukte Gland. Der Begriff &#8222;hygienisch&#8220; wurde in der Praxis schnell durch &#8222;di\u00e4tetisch&#8220; ersetzt. Es handelte sich um die erste Di\u00e4tfabrik in Europa.<br\/>PHAG Slice, Sojanelle und PHAG Aroma haben die Geschmacksknospen vieler von uns verw\u00f6hnt.<br\/>Urspr\u00fcnglich war die Herstellung auf Hafermehl und Haferkekse beschr\u00e4nkt. Sp\u00e4ter wurde sie Vertriebsh\u00e4ndler f\u00fcr Kellogg&#8217;s Spezialit\u00e4ten, Granose Kekse und Getreideflocken.<br\/>Diese Institution arbeitete unter der direkten Aufsicht der EurAfrican Division. Inzwischen hatte PHAG seine T\u00e4tigkeit eingestellt und wurde 1994 verkauft.<\/p>\n<\/div><\/div>\n\n<h4 class=\"wp-block-heading\">Entstehung der Adventjugend<\/h4>\n\n<p>Auf der Sitzung der Generalkonferenz in Gland im Jahr 1907 beschloss die Generalkonferenz, eine Abteilung speziell f\u00fcr die Jugend zu schaffen. Das Ziel dieser Abteilung war es, die jungen Menschen in der guten Nachricht des Evangeliums gut auszubilden und sie zu ermutigen, ihr Leben Jesus Christus im Dienst zu \u00fcbergeben.<\/p>\n\n<h4 class=\"wp-block-heading\">Praktische Informationen<\/h4>\n\n<p><strong>Adventistenkirche :  <\/strong><br\/><a href=\"https:\/\/maps.app.goo.gl\/CXLzWLjMXUooNf127\">La Ligni\u00e8re 12<\/a>, 1196 Gland  <br\/><a href=\"https:\/\/adventistegland.ch\/\" target=\"_blank\" rel=\"noreferrer noopener\">https:\/\/adventistegland.ch\/<\/a><br\/><br\/><strong>Clinique de La Ligni\u00e8re :<\/strong><br\/><a href=\"https:\/\/maps.app.goo.gl\/6kGjPTvrY2WUJ34c9\">La Ligni\u00e8re 5<\/a>, 1196 Gland<br\/><a href=\"https:\/\/www.la-ligniere.ch\/\">https:\/\/www.la-ligniere.ch\/<\/a><\/p>\n\n<p><strong>Unterkunftszentrum La Plage (de La Ligni\u00e8re) :<\/strong><br\/><a href=\"https:\/\/maps.app.goo.gl\/Ptd25D6FMuT7uG6f7\">La Dullive 2<\/a>, 1196 Gland<br\/><a href=\"http:\/\/www.laplagegland.ch\/\">http:\/\/www.laplagegland.ch\/<\/a><br\/><br\/><strong>Fremdenverkehrsamt :<\/strong><br\/> <a href=\"https:\/\/www.myswitzerland.com\/fr-ch\/destinations\/gland\/\">myswitzerland.com<\/a><br\/><br\/><strong>Weiterf\u00fchrende Informationen :<\/strong><br\/><a href=\"https:\/\/encyclopedia.adventist.org\/article?id=C8VX\">Seventh-Day Adventist Encyclopedi<\/a><a href=\"https:\/\/www.archivesadventistes.org\/blog\/2012\/09\/clinique-de-laligni%C3%A8re-article-de-seventhdau-adventist-encyclopedia.html\">a<\/a><br\/><a href=\"https:\/\/www.archivesadventistes.org\/blog\/2012\/10\/la-ligni%C3%A8re-un-vaste-domaine-devenue-clinique-de-r%C3%A9adaptation-24-heures-18-juin-2012.html\">Zeitung 24Heures<\/a><br\/><a href=\"https:\/\/www.archivesadventistes.org\/blog\/la_lignire_gland_suisse\/\">Adventistische Archive<\/a><\/p>\n","protected":false},"excerpt":{"rendered":"<p>Von Kanada bis zum Genfersee Perry Alfred De Forest, kanadischer Abstammung, schloss sich 1887 unter dem Einfluss seines Onkels, des Evangelisten George Albert King, den Adventisten an. 1887 wurde er zum ersten Mal Mitglied der Adventisten. Nach einer Ausbildung zum Krankenpfleger in Battle Creek, Michigan, studierte er Medizin an der Universit\u00e4t von Cincinnati. Er war [&hellip;]<\/p>\n","protected":false},"author":2,"featured_media":550,"comment_status":"open","ping_status":"closed","sticky":false,"template":"","format":"standard","meta":{"footnotes":""},"categories":[47,48],"tags":[],"class_list":["post-1310","post","type-post","status-publish","format-standard","has-post-thumbnail","hentry","category-de","category-kunst-de"],"publishpress_future_action":{"enabled":false,"date":"2026-05-06 23:17:51","action":"change-status","newStatus":"draft","terms":[],"taxonomy":"category"},"publishpress_future_workflow_manual_trigger":{"enabledWorkflows":[]},"_links":{"self":[{"href":"https:\/\/adventtrail.ch\/de\/wp-json\/wp\/v2\/posts\/1310","targetHints":{"allow":["GET"]}}],"collection":[{"href":"https:\/\/adventtrail.ch\/de\/wp-json\/wp\/v2\/posts"}],"about":[{"href":"https:\/\/adventtrail.ch\/de\/wp-json\/wp\/v2\/types\/post"}],"author":[{"embeddable":true,"href":"https:\/\/adventtrail.ch\/de\/wp-json\/wp\/v2\/users\/2"}],"replies":[{"embeddable":true,"href":"https:\/\/adventtrail.ch\/de\/wp-json\/wp\/v2\/comments?post=1310"}],"version-history":[{"count":1,"href":"https:\/\/adventtrail.ch\/de\/wp-json\/wp\/v2\/posts\/1310\/revisions"}],"predecessor-version":[{"id":1311,"href":"https:\/\/adventtrail.ch\/de\/wp-json\/wp\/v2\/posts\/1310\/revisions\/1311"}],"wp:featuredmedia":[{"embeddable":true,"href":"https:\/\/adventtrail.ch\/de\/wp-json\/wp\/v2\/media\/550"}],"wp:attachment":[{"href":"https:\/\/adventtrail.ch\/de\/wp-json\/wp\/v2\/media?parent=1310"}],"wp:term":[{"taxonomy":"category","embeddable":true,"href":"https:\/\/adventtrail.ch\/de\/wp-json\/wp\/v2\/categories?post=1310"},{"taxonomy":"post_tag","embeddable":true,"href":"https:\/\/adventtrail.ch\/de\/wp-json\/wp\/v2\/tags?post=1310"}],"curies":[{"name":"wp","href":"https:\/\/api.w.org\/{rel}","templated":true}]}}