{"id":1341,"date":"2024-01-10T16:58:47","date_gmt":"2024-01-10T15:58:47","guid":{"rendered":"https:\/\/adventtrail.ch\/grandson-yverdon\/"},"modified":"2024-07-02T15:24:20","modified_gmt":"2024-07-02T14:24:20","slug":"grandson-yverdon","status":"publish","type":"post","link":"https:\/\/adventtrail.ch\/de\/grandson-yverdon\/","title":{"rendered":"Grandson &#8211; Yverdon"},"content":{"rendered":"\n<figure class=\"wp-block-embed is-type-video is-provider-vimeo wp-block-embed-vimeo wp-embed-aspect-16-9 wp-has-aspect-ratio\"><div class=\"wp-block-embed__wrapper\">\n<iframe loading=\"lazy\" title=\"M.B. Czechowski\" src=\"https:\/\/player.vimeo.com\/video\/901253832?dnt=1&amp;app_id=122963\" width=\"500\" height=\"281\" frameborder=\"0\" allow=\"autoplay; fullscreen; picture-in-picture; clipboard-write\"><\/iframe>\n<\/div><\/figure>\n\n<h4 class=\"wp-block-heading\">Die ersten Schritte au\u00dferhalb des Kontinents  <br\/>Nordamerikanisch<\/h4>\n\n<p>Angeblich gibt es bei Kr\u00f6tenwanderungen immer einen, der nicht der Gruppe folgt, sondern seinen eigenen Weg geht. Sollte der Hauptgruppe ein Ungl\u00fcck zusto\u00dfen, w\u00fcrde er das \u00dcberleben der Art auf eigene Faust sichern.Mit diesen Ausf\u00fchrungen und bei allem Respekt, scheint es mir, dass Mihal Belina Czechowski als verr\u00fcckte Kr\u00f6te bezeichnet werden kann.<br\/>W\u00e4hrend die junge Kirche der Siebenten-Tags-Adventisten sich auf die Ank\u00fcndigung der Wiederkunft Christi auf dem nordamerikanischen Kontinent konzentrierte, bedurfte es eines ehemaligen polnischen M\u00f6nchs, um die Botschaft \u00fcber die Grenzen der Vereinigten Staaten von Amerika hinaus zu tragen. Eine Person, die die Botschaft mit allen Mitteln verk\u00fcnden musste, sogar mit dem Geld einer anderen Denomination. Sein Ziel: die Waldenser in Piemont, Italien.<br\/>Er kam Anfang Juli 1864 in Torre-Pellice an und blieb bis Februar 1865 in der Region. Zu diesem Zeitpunkt entschied er sich, in die Schweiz zu kommen, die ihm als ein besseres Land f\u00fcr seine Familie erschien, um dort ein evangelistisches Zentrum zu gr\u00fcnden.<br\/>Am 14. September 1865 wurde er in das Ausl\u00e4nderregister der Gemeinde Grandson eingetragen und erhielt die Wohnerlaubnis Nr. 111159. Er kam mit seiner Frau, seinen f\u00fcnf Kindern, seinem Bruder und Jean-David Geymet, einem Konvertiten in Piemont, an. Die Reise war f\u00fcr diese neun Personen nicht einfach. Zu den Etappen geh\u00f6rten Turin, der Mont Cenis-Pass zu Fu\u00df und mit Gep\u00e4ck, dann eine Postkutsche von Lanslebourg nach Saint-Michel-de-Maurienne und schlie\u00dflich der Bus nach Yverdon.<br\/>Von Grandson aus wird er die Region durchstreifen. Besonders die Juraberge. In Missy, in der Broye in der N\u00e4he von Avenches, arbeitet Jean-David Geymet.<br\/>Als Hilfsmittel druckte er eine Zeitschrift mit dem Titel: Das ewige Evangelium und die Erf\u00fcllung der Prophezeiungen \u00fcber das Kommen des Erl\u00f6sers. Er wird die Prophezeiungen von Daniel und sp\u00e4ter der Apokalypse vorstellen.<br\/>Im Jahr 1866 wurde die erste Frucht der in Fleurier geleisteten Arbeit ver\u00f6ffentlicht. Aber lassen Sie Anna de Prato, die Tochter von Louise Pigueron, erz\u00e4hlen: &#8222;&#8230;.  <em>Meine Mutter bat sofort um die Taufe, die am 7. Februar im See in der N\u00e4he von Grandson bei Nacht und Laternenlicht stattfand, da man es noch nicht wagte, am Tag zu taufen. Bruder Geymet, der mit Czechowski aus den Vall\u00e9es Vaudoises gekommen war, wurde ebenfalls nach meiner Mutter getauft.<\/em>  &#8222;<br\/>Von dort aus wird die adventistische Botschaft im Val de Travers, Val de Ruz, La Chaux-de-Fonds, Le Locle, Courtelary, Tramelan, aber auch in Murten, Basel, Saint-Blaise und Cornaux verk\u00fcndet.<\/p>\n\n<figure class=\"wp-block-gallery has-nested-images columns-default is-cropped wp-block-gallery-1 is-layout-flex wp-block-gallery-is-layout-flex\">\n<figure class=\"wp-block-image size-large\"><img loading=\"lazy\" decoding=\"async\" width=\"768\" height=\"1024\" data-id=\"412\" src=\"https:\/\/adventtrail.ch\/wp-content\/uploads\/2024\/01\/img_0546-czechowski-panneau-prophetie-09-768x1024.jpg\" alt=\"\" class=\"wp-image-412\" srcset=\"https:\/\/adventtrail.ch\/wp-content\/uploads\/2024\/01\/img_0546-czechowski-panneau-prophetie-09-768x1024.jpg 768w, https:\/\/adventtrail.ch\/wp-content\/uploads\/2024\/01\/img_0546-czechowski-panneau-prophetie-09-225x300.jpg 225w, https:\/\/adventtrail.ch\/wp-content\/uploads\/2024\/01\/img_0546-czechowski-panneau-prophetie-09-1152x1536.jpg 1152w, https:\/\/adventtrail.ch\/wp-content\/uploads\/2024\/01\/img_0546-czechowski-panneau-prophetie-09-1536x2048.jpg 1536w, https:\/\/adventtrail.ch\/wp-content\/uploads\/2024\/01\/img_0546-czechowski-panneau-prophetie-09-scaled.jpg 1920w\" sizes=\"auto, (max-width: 768px) 100vw, 768px\" \/><figcaption class=\"wp-element-caption\">Das von Mihal Czechowski verwendete Panel<\/figcaption><\/figure>\n\n\n\n<figure class=\"wp-block-image size-large\"><img loading=\"lazy\" decoding=\"async\" width=\"105\" height=\"163\" data-id=\"464\" src=\"https:\/\/adventtrail.ch\/wp-content\/uploads\/2024\/01\/img_0094-czechowski.jpg\" alt=\"\" class=\"wp-image-464\"\/><figcaption class=\"wp-element-caption\">  Mihal Czechowski<\/figcaption><\/figure>\n\n\n\n<figure class=\"wp-block-image size-large\"><img loading=\"lazy\" decoding=\"async\" width=\"800\" height=\"594\" data-id=\"461\" src=\"https:\/\/adventtrail.ch\/wp-content\/uploads\/2024\/01\/img_0097-jean-david-geymet-et-famille.jpg\" alt=\"\" class=\"wp-image-461\" srcset=\"https:\/\/adventtrail.ch\/wp-content\/uploads\/2024\/01\/img_0097-jean-david-geymet-et-famille.jpg 800w, https:\/\/adventtrail.ch\/wp-content\/uploads\/2024\/01\/img_0097-jean-david-geymet-et-famille-300x223.jpg 300w, https:\/\/adventtrail.ch\/wp-content\/uploads\/2024\/01\/img_0097-jean-david-geymet-et-famille-768x570.jpg 768w\" sizes=\"auto, (max-width: 800px) 100vw, 800px\" \/><figcaption class=\"wp-element-caption\">Jean-David Geymet und Familie<\/figcaption><\/figure>\n\n\n\n<figure class=\"wp-block-image size-large\"><img loading=\"lazy\" decoding=\"async\" width=\"768\" height=\"1024\" data-id=\"463\" src=\"https:\/\/adventtrail.ch\/wp-content\/uploads\/2024\/01\/img_0550-czechowski-pub-journal-in-livre-alfred-vaucher-768x1024.jpg\" alt=\"\" class=\"wp-image-463\" srcset=\"https:\/\/adventtrail.ch\/wp-content\/uploads\/2024\/01\/img_0550-czechowski-pub-journal-in-livre-alfred-vaucher-768x1024.jpg 768w, https:\/\/adventtrail.ch\/wp-content\/uploads\/2024\/01\/img_0550-czechowski-pub-journal-in-livre-alfred-vaucher-225x300.jpg 225w, https:\/\/adventtrail.ch\/wp-content\/uploads\/2024\/01\/img_0550-czechowski-pub-journal-in-livre-alfred-vaucher-1152x1536.jpg 1152w, https:\/\/adventtrail.ch\/wp-content\/uploads\/2024\/01\/img_0550-czechowski-pub-journal-in-livre-alfred-vaucher-1536x2048.jpg 1536w, https:\/\/adventtrail.ch\/wp-content\/uploads\/2024\/01\/img_0550-czechowski-pub-journal-in-livre-alfred-vaucher-scaled.jpg 1920w\" sizes=\"auto, (max-width: 768px) 100vw, 768px\" \/><\/figure>\n\n\n\n<figure class=\"wp-block-image size-large\"><img loading=\"lazy\" decoding=\"async\" width=\"1024\" height=\"768\" data-id=\"462\" src=\"https:\/\/adventtrail.ch\/wp-content\/uploads\/2024\/01\/img_0491-czechowski-evangile-eternel-03-1024x768.jpg\" alt=\"\" class=\"wp-image-462\" srcset=\"https:\/\/adventtrail.ch\/wp-content\/uploads\/2024\/01\/img_0491-czechowski-evangile-eternel-03-1024x768.jpg 1024w, https:\/\/adventtrail.ch\/wp-content\/uploads\/2024\/01\/img_0491-czechowski-evangile-eternel-03-300x225.jpg 300w, https:\/\/adventtrail.ch\/wp-content\/uploads\/2024\/01\/img_0491-czechowski-evangile-eternel-03-768x576.jpg 768w, https:\/\/adventtrail.ch\/wp-content\/uploads\/2024\/01\/img_0491-czechowski-evangile-eternel-03-1536x1152.jpg 1536w, https:\/\/adventtrail.ch\/wp-content\/uploads\/2024\/01\/img_0491-czechowski-evangile-eternel-03-2048x1536.jpg 2048w\" sizes=\"auto, (max-width: 1024px) 100vw, 1024px\" \/><\/figure>\n<\/figure>\n\n<h4 class=\"wp-block-heading\">&#8222;Es wird keinen Krieg geben&#8220;.<\/h4>\n\n<div class=\"wp-block-media-text alignwide has-media-on-the-right is-stacked-on-mobile is-vertically-aligned-center\" style=\"grid-template-columns:auto 30%\"><div class=\"wp-block-media-text__content\">\n<p>1914 fand in Yverdon ein Camp Meeting statt. Ein junger Evangelist, Alfred Vaucher, erz\u00e4hlt:<br\/><em>&#8222;(&#8230;) Die Zeitungen berichteten, dass der Krieg unmittelbar bevorstehe und unvermeidlich sei. Daher sah ich keine M\u00f6glichkeit, dies zu verhindern. Aber unsere Prediger, sowohl in Amerika als auch in Europa, sagten: &#8222;Der n\u00e4chste Krieg wird der letzte sein. Und das wird sein, wenn die Zeit der Gnade vorbei ist. Also muss unser Werk zuerst vollendet werden. Und Gott gibt uns eine Zeit des Friedens, der relativen Ruhe, damit wir das Werk vollenden k\u00f6nnen (&#8230;)&#8220;.Und so hatten wir zwei Wochen vor dem Ausbruch des Ersten Weltkriegs ein Camp-Meeting in Yverdon in der Schweiz. Conradi war da. Conradi war der Leiter der Arbeit in ganz Europa. Und er sagte zu uns:  <\/em><br\/><em>&#8222;Seien Sie beruhigt, es wird keinen Krieg geben&#8220;.<\/em>  <br\/>Gesprochen von John Graz in einem Interview 1981.<\/p>\n<\/div><figure class=\"wp-block-media-text__media\"><img decoding=\"async\" src=\"https:\/\/adventrail.wordpress.com\/wp-content\/uploads\/2024\/01\/6a00e008c7fc5c88340153929ea2d0970b-500wi.jpg?w=500\" alt=\"\" class=\"wp-image-310 size-full\"\/><\/figure><\/div>\n\n<h4 class=\"wp-block-heading\">Praktische Informationen<\/h4>\n\n<p><strong>Adventistenkirche :  <\/strong><br\/>Adresse:<a href=\"https:\/\/maps.app.goo.gl\/bQjGkuSJUuKasetEA\">Avenue des Bains 8<\/a>, 1400 Yverdon-les-Bains.<\/p>\n\n<p><strong>Fremdenverkehrsamt :<\/strong><br\/><a href=\"https:\/\/www.yverdonlesbainsregion.ch\/\">Yverdon-les-Bains<\/a><\/p>\n\n<p><strong>Weiterf\u00fchrende Informationen :<\/strong><br\/><a href=\"https:\/\/www.archivesadventistes.org\/blog\/czechowski_michal_b\/\">Historische Archive der franz\u00f6sischsprachigen Adventisten<\/a><br\/><a href=\"http:\/\/www.archivesadventistes.net\/EN\/AHA\/BRO\/MBCzechowski.pdf\">M.-B. Czechowski<\/a>von A-F Vaucher, Imprimerie FIDES, Collonges-sous-Sal\u00e8ve, 1976<\/p>\n","protected":false},"excerpt":{"rendered":"<p>Die ersten Schritte au\u00dferhalb des Kontinents Nordamerikanisch Angeblich gibt es bei Kr\u00f6tenwanderungen immer einen, der nicht der Gruppe folgt, sondern seinen eigenen Weg geht. Sollte der Hauptgruppe ein Ungl\u00fcck zusto\u00dfen, w\u00fcrde er das \u00dcberleben der Art auf eigene Faust sichern.Mit diesen Ausf\u00fchrungen und bei allem Respekt, scheint es mir, dass Mihal Belina Czechowski als verr\u00fcckte [&hellip;]<\/p>\n","protected":false},"author":2,"featured_media":526,"comment_status":"open","ping_status":"closed","sticky":false,"template":"","format":"standard","meta":{"footnotes":""},"categories":[47,48],"tags":[],"class_list":["post-1341","post","type-post","status-publish","format-standard","has-post-thumbnail","hentry","category-de","category-kunst-de"],"publishpress_future_action":{"enabled":false,"date":"2026-05-06 21:40:59","action":"change-status","newStatus":"draft","terms":[],"taxonomy":"category"},"publishpress_future_workflow_manual_trigger":{"enabledWorkflows":[]},"_links":{"self":[{"href":"https:\/\/adventtrail.ch\/de\/wp-json\/wp\/v2\/posts\/1341","targetHints":{"allow":["GET"]}}],"collection":[{"href":"https:\/\/adventtrail.ch\/de\/wp-json\/wp\/v2\/posts"}],"about":[{"href":"https:\/\/adventtrail.ch\/de\/wp-json\/wp\/v2\/types\/post"}],"author":[{"embeddable":true,"href":"https:\/\/adventtrail.ch\/de\/wp-json\/wp\/v2\/users\/2"}],"replies":[{"embeddable":true,"href":"https:\/\/adventtrail.ch\/de\/wp-json\/wp\/v2\/comments?post=1341"}],"version-history":[{"count":3,"href":"https:\/\/adventtrail.ch\/de\/wp-json\/wp\/v2\/posts\/1341\/revisions"}],"predecessor-version":[{"id":1547,"href":"https:\/\/adventtrail.ch\/de\/wp-json\/wp\/v2\/posts\/1341\/revisions\/1547"}],"wp:featuredmedia":[{"embeddable":true,"href":"https:\/\/adventtrail.ch\/de\/wp-json\/wp\/v2\/media\/526"}],"wp:attachment":[{"href":"https:\/\/adventtrail.ch\/de\/wp-json\/wp\/v2\/media?parent=1341"}],"wp:term":[{"taxonomy":"category","embeddable":true,"href":"https:\/\/adventtrail.ch\/de\/wp-json\/wp\/v2\/categories?post=1341"},{"taxonomy":"post_tag","embeddable":true,"href":"https:\/\/adventtrail.ch\/de\/wp-json\/wp\/v2\/tags?post=1341"}],"curies":[{"name":"wp","href":"https:\/\/api.w.org\/{rel}","templated":true}]}}