{"id":1347,"date":"2024-01-10T11:39:54","date_gmt":"2024-01-10T10:39:54","guid":{"rendered":"https:\/\/adventtrail.ch\/basel\/"},"modified":"2024-06-30T11:26:01","modified_gmt":"2024-06-30T10:26:01","slug":"basel","status":"publish","type":"post","link":"https:\/\/adventtrail.ch\/de\/basel\/","title":{"rendered":"Basel"},"content":{"rendered":"\n<h4 class=\"wp-block-heading\">Die polyglotte Druckerei,  <br\/>die Zeitschrift <em>Signe des temps<\/em> und<br\/>John N. Andrews<\/h4>\n\n<figure class=\"wp-block-embed is-type-video is-provider-vimeo wp-block-embed-vimeo wp-embed-aspect-16-9 wp-has-aspect-ratio\"><div class=\"wp-block-embed__wrapper\">\n<iframe loading=\"lazy\" title=\"J.N. Andrews\" src=\"https:\/\/player.vimeo.com\/video\/901253285?dnt=1&amp;app_id=122963\" width=\"500\" height=\"281\" frameborder=\"0\" allow=\"autoplay; fullscreen; picture-in-picture; clipboard-write\"><\/iframe>\n<\/div><\/figure>\n\n<p>Am 15. September 1874 verlie\u00df John Nevin Andrews New York (USA) und reiste nach Neuch\u00e2tel (Schweiz). Er wurde der erste offizielle Missionar, der f\u00fcr die Kirche der Siebenten-Tags-Adventisten den Ozean \u00fcberquerte. Sein Sohn Charles (16 Jahre) und seine Tochter Mary (12 Jahre) sowie Ademar Vuilleumier, ein Schweizer Sabbatbeobachter, begleiteten ihn.  <br\/>Aber schon bald zog er nach Basel, wo er die Druckerei Polyglotte gr\u00fcndete.  <br\/>Von Basel aus dehnte sich die Missionsarbeit auf die vier Himmelsrichtungen aus: Deutschland und Norwegen, Frankreich, Italien und Rum\u00e4nien. Die Druckerei Polyglotte ver\u00f6ffentlichte nicht nur die Zeitschrift <em>Signes des Temps<\/em> ab Juli 1876, sondern ab 1882 auch die <em>Zeitschriften<\/em> <em>Herold der Wahrheit<\/em> auf Deutsch, <em>L&#8217;Ultimo Messaggio<\/em> auf Italienisch und <em>Adeverulu Present<\/em> auf Rum\u00e4nisch.<br\/>John Andrews sah sich einer Reihe von Herausforderungen gegen\u00fcber &#8211; unterschiedliche Sprache und Kultur, neue Beziehungen, Unverst\u00e4ndnis der Beamten, die ihn geschickt hatten -, die ihn daran hinderten, schnell finanziell unabh\u00e4ngig zu werden.<br\/>Die Tatsache, dass die Generalkonferenz in Battle Creek die enorme kulturelle Kluft und die Notwendigkeit, sich an die \u00f6rtlichen Gegebenheiten anzupassen, nicht verstand, erschwerte Johns Arbeit erheblich. Er litt unter Armut, tiefen \u00c4ngsten und Sorgen, die seine Gesundheit stark gef\u00e4hrdeten.  <br\/>Im Jahr 1878 starb Johns Tochter Mary an Tuberkulose. Er selbst verf\u00e4llt und ab 1879 ist er die meiste Zeit bettl\u00e4gerig. Dann diktierte er seine Briefe und Artikel, die in Englisch, Franz\u00f6sisch, Deutsch und Italienisch ver\u00f6ffentlicht wurden. Er starb 1883. Er ist 54 Jahre alt.<br\/>Er beharrte neun Jahre lang und schaffte es, eine dauerhafte Missionspublikation und eine starke Gemeinschaft, eine Kirche, aufzubauen.<\/p>\n\n<figure class=\"wp-block-gallery has-nested-images columns-default is-cropped wp-block-gallery-1 is-layout-flex wp-block-gallery-is-layout-flex\">\n<figure class=\"wp-block-image size-large\"><img loading=\"lazy\" decoding=\"async\" width=\"683\" height=\"1024\" data-id=\"501\" src=\"https:\/\/adventtrail.ch\/wp-content\/uploads\/2024\/01\/img_0106-andrews-protrait-683x1024.jpg\" alt=\"\" class=\"wp-image-501\" srcset=\"https:\/\/adventtrail.ch\/wp-content\/uploads\/2024\/01\/img_0106-andrews-protrait-683x1024.jpg 683w, https:\/\/adventtrail.ch\/wp-content\/uploads\/2024\/01\/img_0106-andrews-protrait-200x300.jpg 200w, https:\/\/adventtrail.ch\/wp-content\/uploads\/2024\/01\/img_0106-andrews-protrait-768x1152.jpg 768w, https:\/\/adventtrail.ch\/wp-content\/uploads\/2024\/01\/img_0106-andrews-protrait-1024x1536.jpg 1024w, https:\/\/adventtrail.ch\/wp-content\/uploads\/2024\/01\/img_0106-andrews-protrait-1365x2048.jpg 1365w, https:\/\/adventtrail.ch\/wp-content\/uploads\/2024\/01\/img_0106-andrews-protrait-scaled.jpg 1707w\" sizes=\"auto, (max-width: 683px) 100vw, 683px\" \/><\/figure>\n\n\n\n<figure class=\"wp-block-image size-large\"><img loading=\"lazy\" decoding=\"async\" width=\"375\" height=\"1024\" data-id=\"487\" src=\"https:\/\/adventtrail.ch\/wp-content\/uploads\/2024\/01\/img_0103-andrews-tombe-375x1024.jpg\" alt=\"\" class=\"wp-image-487\" srcset=\"https:\/\/adventtrail.ch\/wp-content\/uploads\/2024\/01\/img_0103-andrews-tombe-375x1024.jpg 375w, https:\/\/adventtrail.ch\/wp-content\/uploads\/2024\/01\/img_0103-andrews-tombe-110x300.jpg 110w, https:\/\/adventtrail.ch\/wp-content\/uploads\/2024\/01\/img_0103-andrews-tombe.jpg 440w\" sizes=\"auto, (max-width: 375px) 100vw, 375px\" \/><\/figure>\n\n\n\n<figure class=\"wp-block-image size-large\"><img loading=\"lazy\" decoding=\"async\" width=\"1024\" height=\"768\" data-id=\"459\" src=\"https:\/\/adventtrail.ch\/wp-content\/uploads\/2024\/01\/img_0505-bale-polyglotte-batiment-1024x768.jpg\" alt=\"\" class=\"wp-image-459\" srcset=\"https:\/\/adventtrail.ch\/wp-content\/uploads\/2024\/01\/img_0505-bale-polyglotte-batiment-1024x768.jpg 1024w, https:\/\/adventtrail.ch\/wp-content\/uploads\/2024\/01\/img_0505-bale-polyglotte-batiment-300x225.jpg 300w, https:\/\/adventtrail.ch\/wp-content\/uploads\/2024\/01\/img_0505-bale-polyglotte-batiment-768x576.jpg 768w, https:\/\/adventtrail.ch\/wp-content\/uploads\/2024\/01\/img_0505-bale-polyglotte-batiment-1536x1152.jpg 1536w, https:\/\/adventtrail.ch\/wp-content\/uploads\/2024\/01\/img_0505-bale-polyglotte-batiment-2048x1536.jpg 2048w\" sizes=\"auto, (max-width: 1024px) 100vw, 1024px\" \/><\/figure>\n\n\n\n<figure class=\"wp-block-image size-large\"><img loading=\"lazy\" decoding=\"async\" width=\"1024\" height=\"768\" data-id=\"495\" src=\"https:\/\/adventtrail.ch\/wp-content\/uploads\/2024\/01\/img_0480-bale-sdt-1-02-1024x768.jpg\" alt=\"\" class=\"wp-image-495\" srcset=\"https:\/\/adventtrail.ch\/wp-content\/uploads\/2024\/01\/img_0480-bale-sdt-1-02-1024x768.jpg 1024w, https:\/\/adventtrail.ch\/wp-content\/uploads\/2024\/01\/img_0480-bale-sdt-1-02-300x225.jpg 300w, https:\/\/adventtrail.ch\/wp-content\/uploads\/2024\/01\/img_0480-bale-sdt-1-02-768x576.jpg 768w, https:\/\/adventtrail.ch\/wp-content\/uploads\/2024\/01\/img_0480-bale-sdt-1-02-1536x1152.jpg 1536w, https:\/\/adventtrail.ch\/wp-content\/uploads\/2024\/01\/img_0480-bale-sdt-1-02-2048x1536.jpg 2048w\" sizes=\"auto, (max-width: 1024px) 100vw, 1024px\" \/><\/figure>\n<\/figure>\n\n<h4 class=\"wp-block-heading\">Eine Schule f\u00fcr Krankenpflege,  <br\/>eine Lebensmittelfabrik und  <br\/>Perry A. De Forest<\/h4>\n\n<p>Perry Alfred De Forest, kanadischer Abstammung, schloss sich 1887 unter dem Einfluss seines Onkels, des Evangelisten George Albert King, den Adventisten an. 1887 wurde er zum ersten Mal Mitglied der Adventisten. Nach einer Ausbildung zum Krankenpfleger in Battle Creek, Michigan, studierte er Medizin an der Universit\u00e4t von Cincinnati. Er war bis 1895 Mitarbeiter von John Harvey Kellog.  <br\/>In diesem Jahr lebte er mit seiner Frau und seinen zwei kleinen T\u00f6chtern in Basel, dem Sitz der Adventisten in Europa. Mit seiner Hilfe wurde das Gesundheitsinstitut Anfang 1896 er\u00f6ffnet.  <br\/>In Verbindung mit diesem Institut gab es auch eine Fabrik f\u00fcr gesunde Lebensmittel und eine Krankenpflegeschule f\u00fcr M\u00e4nner und Frauen.<\/p>\n\n<p>Lesen Sie <a href=\"https:\/\/adventrail.wordpress.com\/2023\/06\/15\/la-ligniere\/\">mehr \u00fcber Perry Alfred De Forest<\/a> auf der Seite von La Ligni\u00e8re.<\/p>\n\n<h4 class=\"wp-block-heading\">Die Schweizer Armee: eine Quelle spiritueller Inspiration f\u00fcr Ellen G. White<\/h4>\n\n<p>Die Fenster der Druckerei Polyglotte blickten auf einen \u00dcbungsplatz der Schweizer Armee.<br\/>Im Laufe der Jahreszeiten beobachtete Ellen G. White verschiedene \u00dcbungen: Auf- und Abbau von Zelten, Positionierung von Kanonen, Krankenwagen und Erste Hilfe. Wie viele Gesten, die immer und immer wieder wiederholt werden, bis sie zu wirksamen Reflexen werden.<br\/>Sie wird es als Kapitel in ihrem Buch <a href=\"https:\/\/m.egwwritings.org\/en\/book\/34.1326?hl=military+drill&amp;ss=eyJ0b3RhbCI6ODgsInBhcmFtcyI6eyJxdWVyeSI6Im1pbGl0YXJ5IGRyaWxsIiwidHlwZSI6ImJhc2ljIiwibGFuZyI6ImVuIiwibGltaXQiOjIwfSwiaW5kZXgiOjB9#1334\"><em>Gospel Workers<\/em> <\/a>das wie folgt endet<br\/><em>&#8220; [Les soldats] werden im Angriff auf den Feind und in allen Arten von Man\u00f6vern ausgebildet. So wird die \u00dcbung fortgesetzt, um die M\u00e4nner auf jede Notsituation vorzubereiten. Sollten diejenigen, die den Kampf f\u00fcr Prinz Immanuel f\u00fchren, weniger ernsthaft und gr\u00fcndlich in ihrer Vorbereitung auf den geistlichen Kampf sein? Diejenigen, die sich an diesem gro\u00dfen Werk beteiligen, m\u00fcssen sich an den notwendigen \u00dcbungen beteiligen. Sie m\u00fcssen lernen zu gehorchen, bevor sie in der Lage sind zu befehlen.<\/em><\/p>\n\n<h4 class=\"wp-block-heading\">Praktische Informationen<\/h4>\n\n<p><strong>Adventistenkirche :  <\/strong><br\/><a href=\"https:\/\/maps.app.goo.gl\/Rvq9QYAEz8sFPnuy6\">R\u00fcmelinbachweg 60<\/a>, 4054 Basel.  <br\/><a href=\"https:\/\/basel.adventisten.ch\/\">https:\/\/basel.adventisten.ch\/<\/a><br\/><br\/><strong>Grab von J.N. Andrews :<\/strong> <br\/>Friedhof Wollf-Gottesacker, Sektor 50, Konzession 105.<br\/><a href=\"https:\/\/maps.app.goo.gl\/UBb6hcVrFhMyJagP9\">Adresse<\/a>: Wolfgottesacker, M\u00fcnchensteinerstrasse 99, 4052 Basel.<br\/><br\/><strong>Fremdenverkehrsamt :<\/strong><br\/> <a href=\"https:\/\/www.basel.com\/\">https:\/\/www.basel.com\/<\/a><br\/><br\/><strong>Weiterf\u00fchrende Informationen :<\/strong><br\/><a href=\"https:\/\/encyclopedia.adventist.org\/article?id=C8VX\">Seventh-Day Adventist Encyclopedia<\/a><br\/><a href=\"https:\/\/www.archivesadventistes.org\/files\/dp37.pdf\">Adventistische Archive<\/a><\/p>\n","protected":false},"excerpt":{"rendered":"<p>Die polyglotte Druckerei, die Zeitschrift Signe des temps undJohn N. Andrews Am 15. September 1874 verlie\u00df John Nevin Andrews New York (USA) und reiste nach Neuch\u00e2tel (Schweiz). Er wurde der erste offizielle Missionar, der f\u00fcr die Kirche der Siebenten-Tags-Adventisten den Ozean \u00fcberquerte. Sein Sohn Charles (16 Jahre) und seine Tochter Mary (12 Jahre) sowie Ademar [&hellip;]<\/p>\n","protected":false},"author":2,"featured_media":580,"comment_status":"open","ping_status":"closed","sticky":false,"template":"","format":"standard","meta":{"footnotes":""},"categories":[47,48],"tags":[],"class_list":["post-1347","post","type-post","status-publish","format-standard","has-post-thumbnail","hentry","category-de","category-kunst-de"],"publishpress_future_action":{"enabled":false,"date":"2026-05-06 21:42:25","action":"change-status","newStatus":"draft","terms":[],"taxonomy":"category"},"publishpress_future_workflow_manual_trigger":{"enabledWorkflows":[]},"_links":{"self":[{"href":"https:\/\/adventtrail.ch\/de\/wp-json\/wp\/v2\/posts\/1347","targetHints":{"allow":["GET"]}}],"collection":[{"href":"https:\/\/adventtrail.ch\/de\/wp-json\/wp\/v2\/posts"}],"about":[{"href":"https:\/\/adventtrail.ch\/de\/wp-json\/wp\/v2\/types\/post"}],"author":[{"embeddable":true,"href":"https:\/\/adventtrail.ch\/de\/wp-json\/wp\/v2\/users\/2"}],"replies":[{"embeddable":true,"href":"https:\/\/adventtrail.ch\/de\/wp-json\/wp\/v2\/comments?post=1347"}],"version-history":[{"count":1,"href":"https:\/\/adventtrail.ch\/de\/wp-json\/wp\/v2\/posts\/1347\/revisions"}],"predecessor-version":[{"id":1348,"href":"https:\/\/adventtrail.ch\/de\/wp-json\/wp\/v2\/posts\/1347\/revisions\/1348"}],"wp:featuredmedia":[{"embeddable":true,"href":"https:\/\/adventtrail.ch\/de\/wp-json\/wp\/v2\/media\/580"}],"wp:attachment":[{"href":"https:\/\/adventtrail.ch\/de\/wp-json\/wp\/v2\/media?parent=1347"}],"wp:term":[{"taxonomy":"category","embeddable":true,"href":"https:\/\/adventtrail.ch\/de\/wp-json\/wp\/v2\/categories?post=1347"},{"taxonomy":"post_tag","embeddable":true,"href":"https:\/\/adventtrail.ch\/de\/wp-json\/wp\/v2\/tags?post=1347"}],"curies":[{"name":"wp","href":"https:\/\/api.w.org\/{rel}","templated":true}]}}