{"id":1307,"date":"2024-01-10T17:35:18","date_gmt":"2024-01-10T16:35:18","guid":{"rendered":"https:\/\/adventtrail.ch\/la-ligniere-acorn\/"},"modified":"2024-06-30T11:25:05","modified_gmt":"2024-06-30T10:25:05","slug":"la-ligniere-acorn","status":"publish","type":"post","link":"https:\/\/adventtrail.ch\/en\/la-ligniere-acorn\/","title":{"rendered":"La Ligni\u00e8re &#8211; Acorn"},"content":{"rendered":"\n<h4 class=\"wp-block-heading\">From Canada to Lake Geneva<\/h4>\n\n<figure class=\"wp-block-embed is-type-video is-provider-vimeo wp-block-embed-vimeo wp-embed-aspect-16-9 wp-has-aspect-ratio\"><div class=\"wp-block-embed__wrapper\">\n<iframe loading=\"lazy\" title=\"P.A. De Forest\" src=\"https:\/\/player.vimeo.com\/video\/901253800?dnt=1&amp;app_id=122963\" width=\"500\" height=\"281\" frameborder=\"0\" allow=\"autoplay; fullscreen; picture-in-picture; clipboard-write\"><\/iframe>\n<\/div><\/figure>\n\n<p>Canadian-born Perry Alfred De Forest joined the Adventists in 1887, under the influence of his uncle, evangelist George Albert King. After training as a nurse in Battle Creek, Michigan, he studied medicine at the University of Cincinnati. He worked with John Harvey Kellog until 1895. In 1895, with his wife and two young daughters, he went to Basel, headquarters of the Adventists in Europe. With his help, the Institut Sanitaire was first established in Basel and opened in early 1896. Linked to this institute, there was also a healthy food factory and a nursing school for men and women.<br\/><em>&#8220;In 1904, a 35-hectare property was acquired on the shores of Lake Geneva in La Ligni\u00e8re, Vaud, halfway between Lausanne and Geneva. Some of the buildings on the property were quickly fitted out to meet immediate needs, and it was possible to move the medical institute and nursing school from Basel to Gland in June 1905. Dr. De Forest retained his responsibilities, but as he was a foreigner without a Swiss diploma, another doctor was legally in charge. The Gland institution took the name &#8220;Sanatorium du L\u00e9man&#8221;.<\/em> <br\/>(according to an article in the Seventh-Day Adventist Encyclopedia.  <br\/>Together with the PHAG factory, it belonged to the Soci\u00e9t\u00e9 Philanthropique de La Ligni\u00e8re.<br\/>De Forest is considered the pioneer of Adventist sanitary reform in Europe.<\/p>\n\n<figure class=\"wp-block-gallery has-nested-images columns-default is-cropped wp-block-gallery-1 is-layout-flex wp-block-gallery-is-layout-flex\">\n<figure class=\"wp-block-image size-large\"><img loading=\"lazy\" decoding=\"async\" width=\"1024\" height=\"830\" data-id=\"418\" src=\"https:\/\/adventtrail.ch\/wp-content\/uploads\/2024\/01\/img_0511-de-forest-famille-copie-1024x830.jpg\" alt=\"\" class=\"wp-image-418\" srcset=\"https:\/\/adventtrail.ch\/wp-content\/uploads\/2024\/01\/img_0511-de-forest-famille-copie-1024x830.jpg 1024w, https:\/\/adventtrail.ch\/wp-content\/uploads\/2024\/01\/img_0511-de-forest-famille-copie-300x243.jpg 300w, https:\/\/adventtrail.ch\/wp-content\/uploads\/2024\/01\/img_0511-de-forest-famille-copie-768x622.jpg 768w, https:\/\/adventtrail.ch\/wp-content\/uploads\/2024\/01\/img_0511-de-forest-famille-copie-1536x1245.jpg 1536w, https:\/\/adventtrail.ch\/wp-content\/uploads\/2024\/01\/img_0511-de-forest-famille-copie-2048x1660.jpg 2048w\" sizes=\"auto, (max-width: 1024px) 100vw, 1024px\" \/><\/figure>\n\n\n\n<figure class=\"wp-block-image size-large\"><img loading=\"lazy\" decoding=\"async\" width=\"1024\" height=\"768\" data-id=\"424\" src=\"https:\/\/adventtrail.ch\/wp-content\/uploads\/2024\/01\/img_0514-de-forest-livre-et-stetoscope-1024x768.jpg\" alt=\"\" class=\"wp-image-424\" srcset=\"https:\/\/adventtrail.ch\/wp-content\/uploads\/2024\/01\/img_0514-de-forest-livre-et-stetoscope-1024x768.jpg 1024w, https:\/\/adventtrail.ch\/wp-content\/uploads\/2024\/01\/img_0514-de-forest-livre-et-stetoscope-300x225.jpg 300w, https:\/\/adventtrail.ch\/wp-content\/uploads\/2024\/01\/img_0514-de-forest-livre-et-stetoscope-768x576.jpg 768w, https:\/\/adventtrail.ch\/wp-content\/uploads\/2024\/01\/img_0514-de-forest-livre-et-stetoscope-1536x1152.jpg 1536w, https:\/\/adventtrail.ch\/wp-content\/uploads\/2024\/01\/img_0514-de-forest-livre-et-stetoscope-2048x1536.jpg 2048w\" sizes=\"auto, (max-width: 1024px) 100vw, 1024px\" \/><\/figure>\n\n\n\n<figure class=\"wp-block-image size-large\"><img loading=\"lazy\" decoding=\"async\" width=\"1024\" height=\"768\" data-id=\"421\" src=\"https:\/\/adventtrail.ch\/wp-content\/uploads\/2024\/01\/img_0515-de-forest-ecole-1024x768.jpg\" alt=\"\" class=\"wp-image-421\" srcset=\"https:\/\/adventtrail.ch\/wp-content\/uploads\/2024\/01\/img_0515-de-forest-ecole-1024x768.jpg 1024w, https:\/\/adventtrail.ch\/wp-content\/uploads\/2024\/01\/img_0515-de-forest-ecole-300x225.jpg 300w, https:\/\/adventtrail.ch\/wp-content\/uploads\/2024\/01\/img_0515-de-forest-ecole-768x576.jpg 768w, https:\/\/adventtrail.ch\/wp-content\/uploads\/2024\/01\/img_0515-de-forest-ecole-1536x1152.jpg 1536w, https:\/\/adventtrail.ch\/wp-content\/uploads\/2024\/01\/img_0515-de-forest-ecole-2048x1536.jpg 2048w\" sizes=\"auto, (max-width: 1024px) 100vw, 1024px\" \/><\/figure>\n\n\n\n<figure class=\"wp-block-image size-large\"><img loading=\"lazy\" decoding=\"async\" width=\"1024\" height=\"768\" data-id=\"405\" src=\"https:\/\/adventtrail.ch\/wp-content\/uploads\/2024\/01\/img_0510-de-forest-phag-arome-1024x768.jpg\" alt=\"\" class=\"wp-image-405\" srcset=\"https:\/\/adventtrail.ch\/wp-content\/uploads\/2024\/01\/img_0510-de-forest-phag-arome-1024x768.jpg 1024w, https:\/\/adventtrail.ch\/wp-content\/uploads\/2024\/01\/img_0510-de-forest-phag-arome-300x225.jpg 300w, https:\/\/adventtrail.ch\/wp-content\/uploads\/2024\/01\/img_0510-de-forest-phag-arome-768x576.jpg 768w, https:\/\/adventtrail.ch\/wp-content\/uploads\/2024\/01\/img_0510-de-forest-phag-arome-1536x1152.jpg 1536w, https:\/\/adventtrail.ch\/wp-content\/uploads\/2024\/01\/img_0510-de-forest-phag-arome-2048x1536.jpg 2048w\" sizes=\"auto, (max-width: 1024px) 100vw, 1024px\" \/><\/figure>\n\n\n\n<figure class=\"wp-block-image size-large\"><img loading=\"lazy\" decoding=\"async\" width=\"768\" height=\"1024\" data-id=\"476\" src=\"https:\/\/adventtrail.ch\/wp-content\/uploads\/2024\/01\/img_0513-de-forest-portrait-et-materiel-medical-768x1024.jpg\" alt=\"\" class=\"wp-image-476\" srcset=\"https:\/\/adventtrail.ch\/wp-content\/uploads\/2024\/01\/img_0513-de-forest-portrait-et-materiel-medical-768x1024.jpg 768w, https:\/\/adventtrail.ch\/wp-content\/uploads\/2024\/01\/img_0513-de-forest-portrait-et-materiel-medical-225x300.jpg 225w, https:\/\/adventtrail.ch\/wp-content\/uploads\/2024\/01\/img_0513-de-forest-portrait-et-materiel-medical-1152x1536.jpg 1152w, https:\/\/adventtrail.ch\/wp-content\/uploads\/2024\/01\/img_0513-de-forest-portrait-et-materiel-medical-1536x2048.jpg 1536w, https:\/\/adventtrail.ch\/wp-content\/uploads\/2024\/01\/img_0513-de-forest-portrait-et-materiel-medical-scaled.jpg 1920w\" sizes=\"auto, (max-width: 768px) 100vw, 768px\" \/><\/figure>\n\n\n\n<figure class=\"wp-block-image size-large\"><img loading=\"lazy\" decoding=\"async\" width=\"1024\" height=\"768\" data-id=\"420\" src=\"https:\/\/adventtrail.ch\/wp-content\/uploads\/2024\/01\/img_0509-de-forest-phag-grano-choc-1024x768.jpg\" alt=\"\" class=\"wp-image-420\" srcset=\"https:\/\/adventtrail.ch\/wp-content\/uploads\/2024\/01\/img_0509-de-forest-phag-grano-choc-1024x768.jpg 1024w, https:\/\/adventtrail.ch\/wp-content\/uploads\/2024\/01\/img_0509-de-forest-phag-grano-choc-300x225.jpg 300w, https:\/\/adventtrail.ch\/wp-content\/uploads\/2024\/01\/img_0509-de-forest-phag-grano-choc-768x576.jpg 768w, https:\/\/adventtrail.ch\/wp-content\/uploads\/2024\/01\/img_0509-de-forest-phag-grano-choc-1536x1152.jpg 1536w, https:\/\/adventtrail.ch\/wp-content\/uploads\/2024\/01\/img_0509-de-forest-phag-grano-choc-2048x1536.jpg 2048w\" sizes=\"auto, (max-width: 1024px) 100vw, 1024px\" \/><\/figure>\n<\/figure>\n\n<h4 class=\"wp-block-heading\">The PHAG plant<\/h4>\n\n<div class=\"wp-block-media-text alignwide is-stacked-on-mobile\" style=\"grid-template-columns:20% auto\"><figure class=\"wp-block-media-text__media\"><img decoding=\"async\" src=\"https:\/\/adventrail.wordpress.com\/wp-content\/uploads\/2024\/01\/img_0508-de-forest-phag-produits.jpg?w=1024\" alt=\"\" class=\"wp-image-270 size-full\"\/><\/figure><div class=\"wp-block-media-text__content\">\n<p>When it moved from Basel to Gland in 1905, the healthy food factory was named PHAG. It originally stood for Produits Hygi\u00e9niques Alimentaires Gland. The term &#8220;hygienic&#8221; was quickly replaced by &#8220;dietetic&#8221;. It was Europe&#8217;s first health food factory.<br\/>Tranche PHAG, Sojanelle and PHAG Ar\u00f4me delighted the taste buds of many of us.<br\/>Initially, production was limited to oat flour and oat cookies. She later became a distributor of Kellogg&#8217;s specialties, Granose cookies and cereal flakes.<br\/>This institution worked under the direct supervision of the Eurafrican Division. In the meantime, PHAG ceased operations and was sold in 1994.<\/p>\n<\/div><\/div>\n\n<h4 class=\"wp-block-heading\">Birth of Adventist Youth<\/h4>\n\n<p>When the General Conference met in Gland in 1907, it decided to create a department specifically for young people. The aim of this department was to train young people in the good news of the gospel and encourage them to give their lives to Jesus Christ in service.<\/p>\n\n<h4 class=\"wp-block-heading\">Practical info<\/h4>\n\n<p><strong>Adventist Church:  <\/strong><br\/><a href=\"https:\/\/maps.app.goo.gl\/CXLzWLjMXUooNf127\">La Ligni\u00e8re 12<\/a>, 1196 Gland  <br\/><a href=\"https:\/\/adventistegland.ch\/\" target=\"_blank\" rel=\"noreferrer noopener\">https:\/\/adventistegland.ch\/<\/a><br\/><br\/><strong>Clinique de La Ligni\u00e8re :<\/strong><br\/><a href=\"https:\/\/maps.app.goo.gl\/6kGjPTvrY2WUJ34c9\">La Ligni\u00e8re 5<\/a>, 1196 Gland<br\/><a href=\"https:\/\/www.la-ligniere.ch\/\">https:\/\/www.la-ligniere.ch\/<\/a><\/p>\n\n<p><strong>Center d&#8217;h\u00e9bergement La Plage (de La Ligni\u00e8re) :<\/strong><br\/><a href=\"https:\/\/maps.app.goo.gl\/Ptd25D6FMuT7uG6f7\">La Dullive 2<\/a>, 1196 Gland<br\/><a href=\"http:\/\/www.laplagegland.ch\/\">http:\/\/www.laplagegland.ch\/<\/a><br\/><br\/><strong>Tourist office :<\/strong><br\/> <a href=\"https:\/\/www.myswitzerland.com\/fr-ch\/destinations\/gland\/\">myswitzerland.com<\/a><br\/><br\/><strong>To find out more :<\/strong><br\/><a href=\"https:\/\/encyclopedia.adventist.org\/article?id=C8VX\">Seventh-Day Adventist Encyclopedi<\/a><a href=\"https:\/\/www.archivesadventistes.org\/blog\/2012\/09\/clinique-de-laligni%C3%A8re-article-de-seventhdau-adventist-encyclopedia.html\">a<\/a><br\/><a href=\"https:\/\/www.archivesadventistes.org\/blog\/2012\/10\/la-ligni%C3%A8re-un-vaste-domaine-devenue-clinique-de-r%C3%A9adaptation-24-heures-18-juin-2012.html\">24Heures newspaper<\/a><br\/><a href=\"https:\/\/www.archivesadventistes.org\/blog\/la_lignire_gland_suisse\/\">Adventist Archives<\/a><\/p>\n","protected":false},"excerpt":{"rendered":"<p>From Canada to Lake Geneva Canadian-born Perry Alfred De Forest joined the Adventists in 1887, under the influence of his uncle, evangelist George Albert King. After training as a nurse in Battle Creek, Michigan, he studied medicine at the University of Cincinnati. He worked with John Harvey Kellog until 1895. In 1895, with his wife [&hellip;]<\/p>\n","protected":false},"author":2,"featured_media":549,"comment_status":"open","ping_status":"closed","sticky":false,"template":"","format":"standard","meta":{"footnotes":""},"categories":[46,45],"tags":[],"class_list":["post-1307","post","type-post","status-publish","format-standard","has-post-thumbnail","hentry","category-art-fr-en","category-en-en"],"publishpress_future_action":{"enabled":false,"date":"2026-05-07 00:40:00","action":"change-status","newStatus":"draft","terms":[],"taxonomy":"category"},"publishpress_future_workflow_manual_trigger":{"enabledWorkflows":[]},"_links":{"self":[{"href":"https:\/\/adventtrail.ch\/en\/wp-json\/wp\/v2\/posts\/1307","targetHints":{"allow":["GET"]}}],"collection":[{"href":"https:\/\/adventtrail.ch\/en\/wp-json\/wp\/v2\/posts"}],"about":[{"href":"https:\/\/adventtrail.ch\/en\/wp-json\/wp\/v2\/types\/post"}],"author":[{"embeddable":true,"href":"https:\/\/adventtrail.ch\/en\/wp-json\/wp\/v2\/users\/2"}],"replies":[{"embeddable":true,"href":"https:\/\/adventtrail.ch\/en\/wp-json\/wp\/v2\/comments?post=1307"}],"version-history":[{"count":1,"href":"https:\/\/adventtrail.ch\/en\/wp-json\/wp\/v2\/posts\/1307\/revisions"}],"predecessor-version":[{"id":1309,"href":"https:\/\/adventtrail.ch\/en\/wp-json\/wp\/v2\/posts\/1307\/revisions\/1309"}],"wp:featuredmedia":[{"embeddable":true,"href":"https:\/\/adventtrail.ch\/en\/wp-json\/wp\/v2\/media\/549"}],"wp:attachment":[{"href":"https:\/\/adventtrail.ch\/en\/wp-json\/wp\/v2\/media?parent=1307"}],"wp:term":[{"taxonomy":"category","embeddable":true,"href":"https:\/\/adventtrail.ch\/en\/wp-json\/wp\/v2\/categories?post=1307"},{"taxonomy":"post_tag","embeddable":true,"href":"https:\/\/adventtrail.ch\/en\/wp-json\/wp\/v2\/tags?post=1307"}],"curies":[{"name":"wp","href":"https:\/\/api.w.org\/{rel}","templated":true}]}}