{"id":1303,"date":"2024-01-11T12:25:43","date_gmt":"2024-01-11T11:25:43","guid":{"rendered":"https:\/\/adventtrail.ch\/collonges-sous-saleve\/"},"modified":"2024-06-30T11:25:00","modified_gmt":"2024-06-30T10:25:00","slug":"collonges-sous-saleve","status":"publish","type":"post","link":"https:\/\/adventtrail.ch\/es\/collonges-sous-saleve\/","title":{"rendered":"Collonges-sous-Sal\u00e8ve"},"content":{"rendered":"\n<figure class=\"wp-block-embed is-type-video is-provider-vimeo wp-block-embed-vimeo wp-embed-aspect-16-9 wp-has-aspect-ratio\"><div class=\"wp-block-embed__wrapper\">\n<iframe loading=\"lazy\" title=\"A.F. Vaucher\" src=\"https:\/\/player.vimeo.com\/video\/901253855?dnt=1&amp;app_id=122963\" width=\"500\" height=\"281\" frameborder=\"0\" allow=\"autoplay; fullscreen; picture-in-picture; clipboard-write\"><\/iframe>\n<\/div><\/figure>\n\n<h4 class=\"wp-block-heading\">Una bibliotecaria t\u00edmida,<br\/>apasionada y llena de humor<\/h4>\n\n<p>Alfred F\u00e9lix Vaucher naci\u00f3 y creci\u00f3 en Piamonte, en los valles valdenses de Italia.Su abuela no era otra que Catherine Revel, la primera adventista bautizada fuera de Estados Unidos.<br\/>En palabras del propio Alfred, naci\u00f3 de un malentendido. Sus padres se divorciaron pocos meses despu\u00e9s de la boda. Quiz\u00e1 incluso antes de nacer. Incluso en el siglo XIX, el divorcio era un hecho poco frecuente.<br\/>Alfred tiene ahora nueve a\u00f1os. Comprendi\u00f3 que Dios le llamaba a entrar y trabajar en la Iglesia Adventista. Su madre quer\u00eda que estuviera mejor preparado y le pidi\u00f3 que esperara.<br\/>A los trece a\u00f1os, la llamada volvi\u00f3 a sonar, solemne. As\u00ed que, sin consultar a su familia, se puso en contacto con el pastor y pidi\u00f3 ser bautizado. Estamos en el cambio de siglo, en 1900.<br\/>Poco despu\u00e9s, durante un servicio, se le concedi\u00f3 el privilegio de comentar la segunda parte del primer cap\u00edtulo de Daniel. Es tan t\u00edmido que no levanta la vista de su Biblia ni mira al p\u00fablico.<br\/>A\u00fan demasiado joven para ser empleado de la Iglesia, estudi\u00f3 en la escuela t\u00e9cnica de Tur\u00edn.<br\/>El 31 de marzo de 1910 se cas\u00f3 con Emma y la joven pareja fue enviada a Lugano. En agosto, recibi\u00f3 una llamada para ir a Italia, lo que hizo en septiembre.<br\/>La historia adventista en el Tesino comenz\u00f3 con un joven t\u00edmido que pudo quedarse un m\u00e1ximo de cinco meses. Pero fue suficiente para encender la mecha de una vela que a\u00fan hoy arde.<br\/>La historia de Alfred no acaba ah\u00ed. Se implic\u00f3 en la \u00c9cole de formation biblique, que abri\u00f3 sus puertas en Collonges-sous-Sal\u00e8ve en 1921.Fue nombrado bibliotecario. Los libros eran su gran pasi\u00f3n. Pero era el bibliotecario de una biblioteca vac\u00eda. Hab\u00eda que construirlo todo. As\u00ed que hizo un pedido. Pero el director del Seminario le dijo que no hab\u00eda dinero suficiente en el presupuesto para cumplir su pedido. As\u00ed que Alfred pag\u00f3 de su propio bolsillo. Y \u00e9se fue el comienzo de la biblioteca.<br\/>La investigaci\u00f3n documental y los libros son la pasi\u00f3n de Alfred. La mitad de su salario se gasta en esto. Tanto, que un d\u00eda su media naranja, Emma, le sirvi\u00f3 un libro en un plato con cuchillo y tenedor, dese\u00e1ndole \u00ab\u00a1Buen provecho!<br\/><\/p>\n\n<figure class=\"wp-block-gallery has-nested-images columns-default is-cropped wp-block-gallery-1 is-layout-flex wp-block-gallery-is-layout-flex\">\n<figure class=\"wp-block-image size-large\"><img loading=\"lazy\" decoding=\"async\" width=\"1024\" height=\"988\" data-id=\"410\" src=\"https:\/\/adventtrail.ch\/wp-content\/uploads\/2024\/01\/img_0526-vaucher-et-mere-copie-1024x988.jpg\" alt=\"\" class=\"wp-image-410\" srcset=\"https:\/\/adventtrail.ch\/wp-content\/uploads\/2024\/01\/img_0526-vaucher-et-mere-copie-1024x988.jpg 1024w, https:\/\/adventtrail.ch\/wp-content\/uploads\/2024\/01\/img_0526-vaucher-et-mere-copie-300x289.jpg 300w, https:\/\/adventtrail.ch\/wp-content\/uploads\/2024\/01\/img_0526-vaucher-et-mere-copie-768x741.jpg 768w, https:\/\/adventtrail.ch\/wp-content\/uploads\/2024\/01\/img_0526-vaucher-et-mere-copie-1536x1482.jpg 1536w, https:\/\/adventtrail.ch\/wp-content\/uploads\/2024\/01\/img_0526-vaucher-et-mere-copie.jpg 1969w\" sizes=\"auto, (max-width: 1024px) 100vw, 1024px\" \/><figcaption class=\"wp-element-caption\">Alfred y su madre<\/figcaption><\/figure>\n\n\n\n<figure class=\"wp-block-image size-large\"><img loading=\"lazy\" decoding=\"async\" width=\"690\" height=\"1024\" data-id=\"470\" src=\"https:\/\/adventtrail.ch\/wp-content\/uploads\/2024\/01\/vaucher-690x1024.jpg\" alt=\"\" class=\"wp-image-470\" srcset=\"https:\/\/adventtrail.ch\/wp-content\/uploads\/2024\/01\/vaucher-690x1024.jpg 690w, https:\/\/adventtrail.ch\/wp-content\/uploads\/2024\/01\/vaucher-202x300.jpg 202w, https:\/\/adventtrail.ch\/wp-content\/uploads\/2024\/01\/vaucher-768x1140.jpg 768w, https:\/\/adventtrail.ch\/wp-content\/uploads\/2024\/01\/vaucher.jpg 800w\" sizes=\"auto, (max-width: 690px) 100vw, 690px\" \/><\/figure>\n\n\n\n<figure class=\"wp-block-image size-large\"><img loading=\"lazy\" decoding=\"async\" width=\"1024\" height=\"768\" data-id=\"409\" src=\"https:\/\/adventtrail.ch\/wp-content\/uploads\/2024\/01\/img_0530-vaucher-machine-ecrire-1024x768.jpg\" alt=\"\" class=\"wp-image-409\" srcset=\"https:\/\/adventtrail.ch\/wp-content\/uploads\/2024\/01\/img_0530-vaucher-machine-ecrire-1024x768.jpg 1024w, https:\/\/adventtrail.ch\/wp-content\/uploads\/2024\/01\/img_0530-vaucher-machine-ecrire-300x225.jpg 300w, https:\/\/adventtrail.ch\/wp-content\/uploads\/2024\/01\/img_0530-vaucher-machine-ecrire-768x576.jpg 768w, https:\/\/adventtrail.ch\/wp-content\/uploads\/2024\/01\/img_0530-vaucher-machine-ecrire-1536x1152.jpg 1536w, https:\/\/adventtrail.ch\/wp-content\/uploads\/2024\/01\/img_0530-vaucher-machine-ecrire-2048x1536.jpg 2048w\" sizes=\"auto, (max-width: 1024px) 100vw, 1024px\" \/><\/figure>\n\n\n\n<figure class=\"wp-block-image size-large\"><img loading=\"lazy\" decoding=\"async\" width=\"1024\" height=\"768\" data-id=\"429\" src=\"https:\/\/adventtrail.ch\/wp-content\/uploads\/2024\/01\/img_0532-vaucher-livre-assiette-taille-crayon-1024x768.jpg\" alt=\"\" class=\"wp-image-429\" srcset=\"https:\/\/adventtrail.ch\/wp-content\/uploads\/2024\/01\/img_0532-vaucher-livre-assiette-taille-crayon-1024x768.jpg 1024w, https:\/\/adventtrail.ch\/wp-content\/uploads\/2024\/01\/img_0532-vaucher-livre-assiette-taille-crayon-300x225.jpg 300w, https:\/\/adventtrail.ch\/wp-content\/uploads\/2024\/01\/img_0532-vaucher-livre-assiette-taille-crayon-768x576.jpg 768w, https:\/\/adventtrail.ch\/wp-content\/uploads\/2024\/01\/img_0532-vaucher-livre-assiette-taille-crayon-1536x1152.jpg 1536w, https:\/\/adventtrail.ch\/wp-content\/uploads\/2024\/01\/img_0532-vaucher-livre-assiette-taille-crayon-2048x1536.jpg 2048w\" sizes=\"auto, (max-width: 1024px) 100vw, 1024px\" \/><\/figure>\n\n\n\n<figure class=\"wp-block-image size-large\"><img loading=\"lazy\" decoding=\"async\" width=\"1024\" height=\"727\" data-id=\"416\" src=\"https:\/\/adventtrail.ch\/wp-content\/uploads\/2024\/01\/bibliotheque1.jpg\" alt=\"\" class=\"wp-image-416\" srcset=\"https:\/\/adventtrail.ch\/wp-content\/uploads\/2024\/01\/bibliotheque1.jpg 1024w, https:\/\/adventtrail.ch\/wp-content\/uploads\/2024\/01\/bibliotheque1-300x213.jpg 300w, https:\/\/adventtrail.ch\/wp-content\/uploads\/2024\/01\/bibliotheque1-768x545.jpg 768w\" sizes=\"auto, (max-width: 1024px) 100vw, 1024px\" \/><figcaption class=\"wp-element-caption\">La biblioteca del Seminario<\/figcaption><\/figure>\n<\/figure>\n\n<h4 class=\"wp-block-heading\">Los inicios del \u00abSeminario<\/h4>\n\n<p>\u00abDesde los primeros a\u00f1os de su establecimiento en los pa\u00edses de la Europa Latina, los Adventistas del S\u00e9ptimo D\u00eda sintieron la necesidad de tener una escuela misionera\u00bb.<br\/>\u00abSin embargo, hasta 1892 no se pens\u00f3 en crear un fondo de educaci\u00f3n. A la espera de que se estableciera una escuela permanente, se celebraron cursos b\u00edblicos, con resultados alentadores:<br\/>en Peseux, cerca de Neuch\u00e2tel (1893-94), bajo la direcci\u00f3n de J. Curdy ;<br\/>\u00e0 la Chaud-de-Fonds (1895), editado por E. J. Waggoner ;<br\/>en Ginebra (1901), luego en Par\u00eds (1902-03), bajo la direcci\u00f3n de B. Wilkinson.<\/p>\n\n<p>En 1904 se compr\u00f3 la propiedad de La Ligni\u00e8re, en Gland (Vaud), y ese mismo a\u00f1o se abri\u00f3 una escuela misionera permanente junto con una escuela de enfermer\u00eda. Primero bajo la direcci\u00f3n de J. Vuilleumier (1904-11), luego bajo la de P. Steiner (1911-17), la escuela de Gland funcion\u00f3 regularmente, con una breve interrupci\u00f3n (1914-1915) debida a la guerra.<\/p>\n\n<p>Durante estos a\u00f1os se formaron muchos evangelistas y lectores de la Biblia.<br\/>Cuando la escuela tuvo que cerrar, se celebr\u00f3 un curso b\u00edblico en N\u00eemes (1919-1920), bajo la direcci\u00f3n de J.C. Guenin, a la espera de tiempos mejores.<br\/><em>Extracto del primer bolet\u00edn del Seminario Adventista de Sal\u00e8ve, 1921<\/em>.<\/p>\n\n<h6 class=\"wp-block-heading\">Comprar en Collonges-sous-Sal\u00e8ve<\/h6>\n\n<p>\u00abEn la reuni\u00f3n del Comit\u00e9 de la Uni\u00f3n celebrada en Ginebra hace un a\u00f1o [en 1920, nota del editor], se decidi\u00f3 adquirir una propiedad en Francia con vistas a establecer una escuela misionera superior para la Uni\u00f3n Latina.A ra\u00edz de esta decisi\u00f3n, emprendimos inmediatamente una investigaci\u00f3n con este fin. Esta investigaci\u00f3n continu\u00f3 durante meses, pero fue en vano. Visitamos y examinamos cientos de propiedades en distintas partes de Francia. Vimos un gran n\u00famero de castillos. Algunos eran viejos, h\u00famedos e insalubres. Otros eran magn\u00edficos edificios, rodeados de deliciosos jardines y hermosos parques. Pero estaban construidos como residencias y no serv\u00edan a nuestro prop\u00f3sito.Sin embargo, entre ellos hab\u00eda algunos que, con ciertos cambios, podr\u00edan haberse convertido en una escuela. Pero el precio, de entre uno y cinco millones, estaba muy por encima de nuestras posibilidades.Tras varios meses de b\u00fasqueda infructuosa, empez\u00e1bamos a pensar que todos nuestros esfuerzos ser\u00edan en vano, cuando una de nuestras hermanas de Par\u00eds nos envi\u00f3 un anuncio que hab\u00eda le\u00eddo en un peri\u00f3dico. Dec\u00eda que en una ciudad no lejos de Ginebra se subastar\u00eda en pocos d\u00edas un hermoso hotel amueblado.Algunas de nosotras fuimos inmediatamente, y como la impresi\u00f3n fue muy favorable, telegrafiamos a los miembros del Comit\u00e9 de la Uni\u00f3n para que vinieran a reunirse con nosotras inmediatamente. Esto ocurri\u00f3 el jueves y la subasta deb\u00eda celebrarse el lunes siguiente.Ese d\u00eda estuvimos all\u00ed con la mayor\u00eda de los miembros del Comit\u00e9 de la Uni\u00f3n, los miembros del Comit\u00e9 de la Conferencia del Lago Lem\u00e1n, as\u00ed como los responsables de nuestra Instituci\u00f3n en Gland y un cierto n\u00famero de hermanos de la Iglesia de Ginebra.Visitamos detenidamente el hotel y la propiedad en cuesti\u00f3n. Como la propiedad adyacente, que tambi\u00e9n inclu\u00eda un hotel, tambi\u00e9n estaba a la venta, la examinamos, y se decidi\u00f3 por unanimidad adquirir estas dos propiedades, as\u00ed como el terreno circundante.\u00bb<br\/><em>A.V. Olson, Le Messager, 15 de julio de 1921<\/em><\/p>\n\n<p>As\u00ed describe Olson la compra. Todo parece haber sido guiado por Dios en el m\u00e1s cordial entendimiento.<br\/>Excepto que&#8230;<br\/>Excepto que la votaci\u00f3n necesit\u00f3 dos rondas. El primer voto fue uno en contra. En la segunda votaci\u00f3n, una abstenci\u00f3n. Esta voz discordante era la de Alfred Vaucher. Para saber m\u00e1s sobre sus opiniones, <a href=\"https:\/\/www.archivesadventistes.org\/vaucher\/2012\/03\/1921-ouverture-du-s%C3%A9minaire-de-collonges.html#more\">haz clic aqu\u00ed para ir a los Archivos<\/a>.<\/p>\n\n<figure class=\"wp-block-gallery has-nested-images columns-default is-cropped wp-block-gallery-2 is-layout-flex wp-block-gallery-is-layout-flex\">\n<figure class=\"wp-block-image size-large\"><img loading=\"lazy\" decoding=\"async\" width=\"1024\" height=\"688\" data-id=\"488\" src=\"https:\/\/adventtrail.ch\/wp-content\/uploads\/2024\/01\/6a00e008c7fc5c88340133ec8b7ffc970b.jpg\" alt=\"\" class=\"wp-image-488\" srcset=\"https:\/\/adventtrail.ch\/wp-content\/uploads\/2024\/01\/6a00e008c7fc5c88340133ec8b7ffc970b.jpg 1024w, https:\/\/adventtrail.ch\/wp-content\/uploads\/2024\/01\/6a00e008c7fc5c88340133ec8b7ffc970b-300x202.jpg 300w, https:\/\/adventtrail.ch\/wp-content\/uploads\/2024\/01\/6a00e008c7fc5c88340133ec8b7ffc970b-768x516.jpg 768w\" sizes=\"auto, (max-width: 1024px) 100vw, 1024px\" \/><figcaption class=\"wp-element-caption\">Hotel du Parc<\/figcaption><\/figure>\n\n\n\n<figure class=\"wp-block-image size-large\"><img loading=\"lazy\" decoding=\"async\" width=\"911\" height=\"744\" data-id=\"475\" src=\"https:\/\/adventtrail.ch\/wp-content\/uploads\/2024\/01\/6a00e008c7fc5c88340133ee0a0909970b.jpg\" alt=\"\" class=\"wp-image-475\" srcset=\"https:\/\/adventtrail.ch\/wp-content\/uploads\/2024\/01\/6a00e008c7fc5c88340133ee0a0909970b.jpg 911w, https:\/\/adventtrail.ch\/wp-content\/uploads\/2024\/01\/6a00e008c7fc5c88340133ee0a0909970b-300x245.jpg 300w, https:\/\/adventtrail.ch\/wp-content\/uploads\/2024\/01\/6a00e008c7fc5c88340133ee0a0909970b-768x627.jpg 768w\" sizes=\"auto, (max-width: 911px) 100vw, 911px\" \/><figcaption class=\"wp-element-caption\">Hotel del Parque<\/figcaption><\/figure>\n\n\n\n<figure class=\"wp-block-image size-large\"><img loading=\"lazy\" decoding=\"async\" width=\"670\" height=\"1024\" data-id=\"467\" src=\"https:\/\/adventtrail.ch\/wp-content\/uploads\/2024\/01\/6a00e008c7fc5c88340134801ed9cd970c.jpg\" alt=\"\" class=\"wp-image-467\" srcset=\"https:\/\/adventtrail.ch\/wp-content\/uploads\/2024\/01\/6a00e008c7fc5c88340134801ed9cd970c.jpg 670w, https:\/\/adventtrail.ch\/wp-content\/uploads\/2024\/01\/6a00e008c7fc5c88340134801ed9cd970c-196x300.jpg 196w\" sizes=\"auto, (max-width: 670px) 100vw, 670px\" \/><figcaption class=\"wp-element-caption\">Hotel de las Fuentes<\/figcaption><\/figure>\n\n\n\n<figure class=\"wp-block-image size-large\"><img loading=\"lazy\" decoding=\"async\" width=\"1024\" height=\"658\" data-id=\"466\" src=\"https:\/\/adventtrail.ch\/wp-content\/uploads\/2024\/01\/6a00e008c7fc5c88340133eca22b20970b-1024x658.jpg\" alt=\"\" class=\"wp-image-466\" srcset=\"https:\/\/adventtrail.ch\/wp-content\/uploads\/2024\/01\/6a00e008c7fc5c88340133eca22b20970b-1024x658.jpg 1024w, https:\/\/adventtrail.ch\/wp-content\/uploads\/2024\/01\/6a00e008c7fc5c88340133eca22b20970b-300x193.jpg 300w, https:\/\/adventtrail.ch\/wp-content\/uploads\/2024\/01\/6a00e008c7fc5c88340133eca22b20970b-768x494.jpg 768w, https:\/\/adventtrail.ch\/wp-content\/uploads\/2024\/01\/6a00e008c7fc5c88340133eca22b20970b-1536x988.jpg 1536w, https:\/\/adventtrail.ch\/wp-content\/uploads\/2024\/01\/6a00e008c7fc5c88340133eca22b20970b-2048x1317.jpg 2048w\" sizes=\"auto, (max-width: 1024px) 100vw, 1024px\" \/><\/figure>\n\n\n\n<figure class=\"wp-block-image size-large\"><img loading=\"lazy\" decoding=\"async\" width=\"1024\" height=\"743\" data-id=\"465\" src=\"https:\/\/adventtrail.ch\/wp-content\/uploads\/2024\/01\/6a00e008c7fc5c88340133ec615ca3970b.jpg\" alt=\"\" class=\"wp-image-465\" srcset=\"https:\/\/adventtrail.ch\/wp-content\/uploads\/2024\/01\/6a00e008c7fc5c88340133ec615ca3970b.jpg 1024w, https:\/\/adventtrail.ch\/wp-content\/uploads\/2024\/01\/6a00e008c7fc5c88340133ec615ca3970b-300x218.jpg 300w, https:\/\/adventtrail.ch\/wp-content\/uploads\/2024\/01\/6a00e008c7fc5c88340133ec615ca3970b-768x557.jpg 768w\" sizes=\"auto, (max-width: 1024px) 100vw, 1024px\" \/><figcaption class=\"wp-element-caption\">Hotel del Parque<\/figcaption><\/figure>\n<\/figure>\n\n<h4 class=\"wp-block-heading\">Informaci\u00f3n pr\u00e1ctica<\/h4>\n\n<p><strong>Iglesia Adventista del Campus :  <\/strong><br\/><a href=\"https:\/\/maps.app.goo.gl\/Rvq9QYAEz8sFPnuy6\"><\/a><a href=\"https:\/\/maps.app.goo.gl\/f2hg5RDycP6mNxuL7\">131 Qu\u00edmica. du P\u00e9rouzet<\/a>74160 Collonges-sous-Sal\u00e8ve, Francia.  <br\/><a href=\"http:\/\/www.egliseducampus.org\/contact.html\">www.egliseducampus.org<\/a><br\/><br\/><strong>Campus :<\/strong> <br\/><a href=\"https:\/\/maps.app.goo.gl\/dyj4BL4F6B5m1hWo7\">33 Qu\u00edmica. du P\u00e9rouzet<\/a>74160 Collonges-sous-Sal\u00e8ve, Francia.<br\/><a href=\"http:\/\/www.campusadventiste.edu\/\">http:\/\/www.campusadventiste.edu\/<\/a> <br\/><br\/><strong>Museo :<\/strong><br\/>El <a href=\"https:\/\/www.campusadventiste.edu\/recherche\/musee\">museo<\/a> abarca aspectos clave del adventismo de 1864 a 1945 en 6 \u00e1reas. Uno de los tesoros: las pertenencias de John Nevin Andrews.<br\/><em>Visitas previa cita.<\/em><\/p>\n\n<p><strong>Biblioteca Alfred Vaucher :<\/strong><br\/><a href=\"https:\/\/www.bibavaucher.net\/\">https:\/\/www.bibavaucher.net\/<\/a><br\/><br\/><strong>Para saber m\u00e1s:<\/strong><br\/><a href=\"https:\/\/www.archivesadventistes.org\/vaucher\/\">Archivos adventistas &#8211; Alfred Vaucher<\/a><br\/><a href=\"https:\/\/www.archivesadventistes.org\/collonges\">Archivos del campus<\/a><\/p>\n","protected":false},"excerpt":{"rendered":"<p>Una bibliotecaria t\u00edmida,apasionada y llena de humor Alfred F\u00e9lix Vaucher naci\u00f3 y creci\u00f3 en Piamonte, en los valles valdenses de Italia.Su abuela no era otra que Catherine Revel, la primera adventista bautizada fuera de Estados Unidos.En palabras del propio Alfred, naci\u00f3 de un malentendido. Sus padres se divorciaron pocos meses despu\u00e9s de la boda. Quiz\u00e1 [&hellip;]<\/p>\n","protected":false},"author":2,"featured_media":578,"comment_status":"open","ping_status":"closed","sticky":false,"template":"","format":"standard","meta":{"footnotes":""},"categories":[44,43],"tags":[],"class_list":["post-1303","post","type-post","status-publish","format-standard","has-post-thumbnail","hentry","category-arte-fr-es","category-en-es"],"publishpress_future_action":{"enabled":false,"date":"2026-05-07 00:48:14","action":"change-status","newStatus":"draft","terms":[],"taxonomy":"category"},"publishpress_future_workflow_manual_trigger":{"enabledWorkflows":[]},"_links":{"self":[{"href":"https:\/\/adventtrail.ch\/es\/wp-json\/wp\/v2\/posts\/1303","targetHints":{"allow":["GET"]}}],"collection":[{"href":"https:\/\/adventtrail.ch\/es\/wp-json\/wp\/v2\/posts"}],"about":[{"href":"https:\/\/adventtrail.ch\/es\/wp-json\/wp\/v2\/types\/post"}],"author":[{"embeddable":true,"href":"https:\/\/adventtrail.ch\/es\/wp-json\/wp\/v2\/users\/2"}],"replies":[{"embeddable":true,"href":"https:\/\/adventtrail.ch\/es\/wp-json\/wp\/v2\/comments?post=1303"}],"version-history":[{"count":1,"href":"https:\/\/adventtrail.ch\/es\/wp-json\/wp\/v2\/posts\/1303\/revisions"}],"predecessor-version":[{"id":1304,"href":"https:\/\/adventtrail.ch\/es\/wp-json\/wp\/v2\/posts\/1303\/revisions\/1304"}],"wp:featuredmedia":[{"embeddable":true,"href":"https:\/\/adventtrail.ch\/es\/wp-json\/wp\/v2\/media\/578"}],"wp:attachment":[{"href":"https:\/\/adventtrail.ch\/es\/wp-json\/wp\/v2\/media?parent=1303"}],"wp:term":[{"taxonomy":"category","embeddable":true,"href":"https:\/\/adventtrail.ch\/es\/wp-json\/wp\/v2\/categories?post=1303"},{"taxonomy":"post_tag","embeddable":true,"href":"https:\/\/adventtrail.ch\/es\/wp-json\/wp\/v2\/tags?post=1303"}],"curies":[{"name":"wp","href":"https:\/\/api.w.org\/{rel}","templated":true}]}}