{"id":1325,"date":"2024-01-10T17:35:18","date_gmt":"2024-01-10T16:35:18","guid":{"rendered":"https:\/\/adventtrail.ch\/la-ligniere-gland\/"},"modified":"2024-06-30T11:25:07","modified_gmt":"2024-06-30T10:25:07","slug":"la-ligniere-gland","status":"publish","type":"post","link":"https:\/\/adventtrail.ch\/es\/la-ligniere-gland\/","title":{"rendered":"La Ligni\u00e8re &#8211; Gland"},"content":{"rendered":"\n<h4 class=\"wp-block-heading\">De Canad\u00e1 al Lago Lem\u00e1n<\/h4>\n\n<figure class=\"wp-block-embed is-type-video is-provider-vimeo wp-block-embed-vimeo wp-embed-aspect-16-9 wp-has-aspect-ratio\"><div class=\"wp-block-embed__wrapper\">\n<iframe loading=\"lazy\" title=\"P.A. De Forest\" src=\"https:\/\/player.vimeo.com\/video\/901253800?dnt=1&amp;app_id=122963\" width=\"500\" height=\"281\" frameborder=\"0\" allow=\"autoplay; fullscreen; picture-in-picture; clipboard-write\"><\/iframe>\n<\/div><\/figure>\n\n<p>Perry Alfred De Forest, de origen canadiense, se uni\u00f3 a los adventistas en 1887 por influencia de su t\u00edo, el evangelista George Albert King. Tras formarse como enfermero en Battle Creek (Michigan), estudi\u00f3 medicina en la Universidad de Cincinnati. Trabaj\u00f3 con John Harvey Kellog hasta 1895. En 1895, con su mujer y sus dos hijas peque\u00f1as, fue a Basilea, sede de los adventistas en Europa. Con su ayuda se cre\u00f3 en Basilea el Institut Sanitaire, que se inaugur\u00f3 a principios de 1896. Vinculado a este instituto, tambi\u00e9n hab\u00eda una f\u00e1brica de alimentos saludables y una escuela de enfermer\u00eda para hombres y mujeres.<br\/><em>\u00abEn 1904 se adquiri\u00f3 una propiedad de 35 hect\u00e1reas a orillas del lago Leman, en La Ligni\u00e8re, Vaud, a medio camino entre Lausana y Ginebra. Algunos de los edificios de la propiedad se reconvirtieron r\u00e1pidamente para satisfacer las necesidades inmediatas, y fue posible trasladar el instituto m\u00e9dico y la escuela de enfermer\u00eda de Basilea a Gland en junio de 1905. El Dr. De Forest conserv\u00f3 sus responsabilidades, pero como era extranjero sin diploma suizo, otro m\u00e9dico qued\u00f3 legalmente a cargo. La instituci\u00f3n de Gland adopt\u00f3 el nombre de \u00abSanatorio del L\u00e9man\u00bb.<\/em> <br\/>(seg\u00fan un art\u00edculo de la Enciclopedia Adventista del S\u00e9ptimo D\u00eda.  <br\/>Junto con la f\u00e1brica PHAG, pertenec\u00eda a la Sociedad Filantr\u00f3pica de La Ligni\u00e8re.<br\/>De Forest es considerado el pionero de la reforma sanitaria adventista en Europa.<\/p>\n\n<figure class=\"wp-block-gallery has-nested-images columns-default is-cropped wp-block-gallery-1 is-layout-flex wp-block-gallery-is-layout-flex\">\n<figure class=\"wp-block-image size-large\"><img loading=\"lazy\" decoding=\"async\" width=\"1024\" height=\"830\" data-id=\"418\" src=\"https:\/\/adventtrail.ch\/wp-content\/uploads\/2024\/01\/img_0511-de-forest-famille-copie-1024x830.jpg\" alt=\"\" class=\"wp-image-418\" srcset=\"https:\/\/adventtrail.ch\/wp-content\/uploads\/2024\/01\/img_0511-de-forest-famille-copie-1024x830.jpg 1024w, https:\/\/adventtrail.ch\/wp-content\/uploads\/2024\/01\/img_0511-de-forest-famille-copie-300x243.jpg 300w, https:\/\/adventtrail.ch\/wp-content\/uploads\/2024\/01\/img_0511-de-forest-famille-copie-768x622.jpg 768w, https:\/\/adventtrail.ch\/wp-content\/uploads\/2024\/01\/img_0511-de-forest-famille-copie-1536x1245.jpg 1536w, https:\/\/adventtrail.ch\/wp-content\/uploads\/2024\/01\/img_0511-de-forest-famille-copie-2048x1660.jpg 2048w\" sizes=\"auto, (max-width: 1024px) 100vw, 1024px\" \/><\/figure>\n\n\n\n<figure class=\"wp-block-image size-large\"><img loading=\"lazy\" decoding=\"async\" width=\"1024\" height=\"768\" data-id=\"424\" src=\"https:\/\/adventtrail.ch\/wp-content\/uploads\/2024\/01\/img_0514-de-forest-livre-et-stetoscope-1024x768.jpg\" alt=\"\" class=\"wp-image-424\" srcset=\"https:\/\/adventtrail.ch\/wp-content\/uploads\/2024\/01\/img_0514-de-forest-livre-et-stetoscope-1024x768.jpg 1024w, https:\/\/adventtrail.ch\/wp-content\/uploads\/2024\/01\/img_0514-de-forest-livre-et-stetoscope-300x225.jpg 300w, https:\/\/adventtrail.ch\/wp-content\/uploads\/2024\/01\/img_0514-de-forest-livre-et-stetoscope-768x576.jpg 768w, https:\/\/adventtrail.ch\/wp-content\/uploads\/2024\/01\/img_0514-de-forest-livre-et-stetoscope-1536x1152.jpg 1536w, https:\/\/adventtrail.ch\/wp-content\/uploads\/2024\/01\/img_0514-de-forest-livre-et-stetoscope-2048x1536.jpg 2048w\" sizes=\"auto, (max-width: 1024px) 100vw, 1024px\" \/><\/figure>\n\n\n\n<figure class=\"wp-block-image size-large\"><img loading=\"lazy\" decoding=\"async\" width=\"1024\" height=\"768\" data-id=\"421\" src=\"https:\/\/adventtrail.ch\/wp-content\/uploads\/2024\/01\/img_0515-de-forest-ecole-1024x768.jpg\" alt=\"\" class=\"wp-image-421\" srcset=\"https:\/\/adventtrail.ch\/wp-content\/uploads\/2024\/01\/img_0515-de-forest-ecole-1024x768.jpg 1024w, https:\/\/adventtrail.ch\/wp-content\/uploads\/2024\/01\/img_0515-de-forest-ecole-300x225.jpg 300w, https:\/\/adventtrail.ch\/wp-content\/uploads\/2024\/01\/img_0515-de-forest-ecole-768x576.jpg 768w, https:\/\/adventtrail.ch\/wp-content\/uploads\/2024\/01\/img_0515-de-forest-ecole-1536x1152.jpg 1536w, https:\/\/adventtrail.ch\/wp-content\/uploads\/2024\/01\/img_0515-de-forest-ecole-2048x1536.jpg 2048w\" sizes=\"auto, (max-width: 1024px) 100vw, 1024px\" \/><\/figure>\n\n\n\n<figure class=\"wp-block-image size-large\"><img loading=\"lazy\" decoding=\"async\" width=\"1024\" height=\"768\" data-id=\"405\" src=\"https:\/\/adventtrail.ch\/wp-content\/uploads\/2024\/01\/img_0510-de-forest-phag-arome-1024x768.jpg\" alt=\"\" class=\"wp-image-405\" srcset=\"https:\/\/adventtrail.ch\/wp-content\/uploads\/2024\/01\/img_0510-de-forest-phag-arome-1024x768.jpg 1024w, https:\/\/adventtrail.ch\/wp-content\/uploads\/2024\/01\/img_0510-de-forest-phag-arome-300x225.jpg 300w, https:\/\/adventtrail.ch\/wp-content\/uploads\/2024\/01\/img_0510-de-forest-phag-arome-768x576.jpg 768w, https:\/\/adventtrail.ch\/wp-content\/uploads\/2024\/01\/img_0510-de-forest-phag-arome-1536x1152.jpg 1536w, https:\/\/adventtrail.ch\/wp-content\/uploads\/2024\/01\/img_0510-de-forest-phag-arome-2048x1536.jpg 2048w\" sizes=\"auto, (max-width: 1024px) 100vw, 1024px\" \/><\/figure>\n\n\n\n<figure class=\"wp-block-image size-large\"><img loading=\"lazy\" decoding=\"async\" width=\"768\" height=\"1024\" data-id=\"476\" src=\"https:\/\/adventtrail.ch\/wp-content\/uploads\/2024\/01\/img_0513-de-forest-portrait-et-materiel-medical-768x1024.jpg\" alt=\"\" class=\"wp-image-476\" srcset=\"https:\/\/adventtrail.ch\/wp-content\/uploads\/2024\/01\/img_0513-de-forest-portrait-et-materiel-medical-768x1024.jpg 768w, https:\/\/adventtrail.ch\/wp-content\/uploads\/2024\/01\/img_0513-de-forest-portrait-et-materiel-medical-225x300.jpg 225w, https:\/\/adventtrail.ch\/wp-content\/uploads\/2024\/01\/img_0513-de-forest-portrait-et-materiel-medical-1152x1536.jpg 1152w, https:\/\/adventtrail.ch\/wp-content\/uploads\/2024\/01\/img_0513-de-forest-portrait-et-materiel-medical-1536x2048.jpg 1536w, https:\/\/adventtrail.ch\/wp-content\/uploads\/2024\/01\/img_0513-de-forest-portrait-et-materiel-medical-scaled.jpg 1920w\" sizes=\"auto, (max-width: 768px) 100vw, 768px\" \/><\/figure>\n\n\n\n<figure class=\"wp-block-image size-large\"><img loading=\"lazy\" decoding=\"async\" width=\"1024\" height=\"768\" data-id=\"420\" src=\"https:\/\/adventtrail.ch\/wp-content\/uploads\/2024\/01\/img_0509-de-forest-phag-grano-choc-1024x768.jpg\" alt=\"\" class=\"wp-image-420\" srcset=\"https:\/\/adventtrail.ch\/wp-content\/uploads\/2024\/01\/img_0509-de-forest-phag-grano-choc-1024x768.jpg 1024w, https:\/\/adventtrail.ch\/wp-content\/uploads\/2024\/01\/img_0509-de-forest-phag-grano-choc-300x225.jpg 300w, https:\/\/adventtrail.ch\/wp-content\/uploads\/2024\/01\/img_0509-de-forest-phag-grano-choc-768x576.jpg 768w, https:\/\/adventtrail.ch\/wp-content\/uploads\/2024\/01\/img_0509-de-forest-phag-grano-choc-1536x1152.jpg 1536w, https:\/\/adventtrail.ch\/wp-content\/uploads\/2024\/01\/img_0509-de-forest-phag-grano-choc-2048x1536.jpg 2048w\" sizes=\"auto, (max-width: 1024px) 100vw, 1024px\" \/><\/figure>\n<\/figure>\n\n<h4 class=\"wp-block-heading\">La f\u00e1brica PHAG<\/h4>\n\n<div class=\"wp-block-media-text alignwide is-stacked-on-mobile\" style=\"grid-template-columns:20% auto\"><figure class=\"wp-block-media-text__media\"><img decoding=\"async\" src=\"https:\/\/adventrail.wordpress.com\/wp-content\/uploads\/2024\/01\/img_0508-de-forest-phag-produits.jpg?w=1024\" alt=\"\" class=\"wp-image-270 size-full\"\/><\/figure><div class=\"wp-block-media-text__content\">\n<p>Cuando se traslad\u00f3 de Basilea a Gland en 1905, la f\u00e1brica de alimentos saludables pas\u00f3 a llamarse PHAG. Originalmente significaba Produits Hygi\u00e9niques Alimentaires Gland. El t\u00e9rmino \u00abhigi\u00e9nico\u00bb fue r\u00e1pidamente sustituido por \u00abdiet\u00e9tico\u00bb. Fue la primera f\u00e1brica de alimentos saludables de Europa.<br\/>Tranche PHAG, Sojanelle y PHAG Ar\u00f4me han deleitado el paladar de muchos de nosotros.<br\/>Al principio, la producci\u00f3n se limitaba a harina de avena y galletas de avena. M\u00e1s tarde se convirti\u00f3 en distribuidor de las especialidades de Kellogg&#8217;s, las galletas Granose y los copos de cereales.<br\/>Esta instituci\u00f3n trabajaba bajo la supervisi\u00f3n directa de la Divisi\u00f3n Euroafricana. Entretanto, PHAG ces\u00f3 su actividad y fue vendida en 1994.<\/p>\n<\/div><\/div>\n\n<h4 class=\"wp-block-heading\">Nacimiento de la Juventud Adventista<\/h4>\n\n<p>En la sesi\u00f3n de la Conferencia General celebrada en Gland en 1907, la Conferencia decidi\u00f3 crear un departamento espec\u00edfico para los j\u00f3venes. El objetivo de este departamento era formar a los j\u00f3venes en la buena nueva del Evangelio y animarles a entregar su vida a Jesucristo en el servicio.<\/p>\n\n<h4 class=\"wp-block-heading\">Informaci\u00f3n pr\u00e1ctica<\/h4>\n\n<p><strong>Iglesia Adventista :  <\/strong><br\/><a href=\"https:\/\/maps.app.goo.gl\/CXLzWLjMXUooNf127\">La Ligni\u00e8re 12<\/a>, 1196 Gland  <br\/><a href=\"https:\/\/adventistegland.ch\/\" target=\"_blank\" rel=\"noreferrer noopener\">https:\/\/adventistegland.ch\/<\/a><br\/><br\/><strong>Cl\u00ednica de La Ligni\u00e8re :<\/strong><br\/><a href=\"https:\/\/maps.app.goo.gl\/6kGjPTvrY2WUJ34c9\">La Ligni\u00e8re 5<\/a>, 1196 Gland<br\/><a href=\"https:\/\/www.la-ligniere.ch\/\">https:\/\/www.la-ligniere.ch\/<\/a><\/p>\n\n<p><strong>Centro de alojamiento La Plage (de La Ligni\u00e8re) :<\/strong><br\/><a href=\"https:\/\/maps.app.goo.gl\/Ptd25D6FMuT7uG6f7\">La Dullive 2<\/a>, 1196 Gland<br\/><a href=\"http:\/\/www.laplagegland.ch\/\">http:\/\/www.laplagegland.ch\/<\/a><br\/><br\/><strong>Oficina de turismo :<\/strong><br\/> <a href=\"https:\/\/www.myswitzerland.com\/fr-ch\/destinations\/gland\/\">myswitzerland.com<\/a><br\/><br\/><strong>Para saber m\u00e1s:<\/strong><br\/><a href=\"https:\/\/encyclopedia.adventist.org\/article?id=C8VX\">Enciclopedia Adventista del S\u00e9ptimo D\u00eda<\/a><a href=\"https:\/\/www.archivesadventistes.org\/blog\/2012\/09\/clinique-de-laligni%C3%A8re-article-de-seventhdau-adventist-encyclopedia.html\">a<\/a><br\/><a href=\"https:\/\/www.archivesadventistes.org\/blog\/2012\/10\/la-ligni%C3%A8re-un-vaste-domaine-devenue-clinique-de-r%C3%A9adaptation-24-heures-18-juin-2012.html\">Peri\u00f3dico 24Heures<\/a><br\/><a href=\"https:\/\/www.archivesadventistes.org\/blog\/la_lignire_gland_suisse\/\">Archivos adventistas<\/a><\/p>\n","protected":false},"excerpt":{"rendered":"<p>De Canad\u00e1 al Lago Lem\u00e1n Perry Alfred De Forest, de origen canadiense, se uni\u00f3 a los adventistas en 1887 por influencia de su t\u00edo, el evangelista George Albert King. Tras formarse como enfermero en Battle Creek (Michigan), estudi\u00f3 medicina en la Universidad de Cincinnati. Trabaj\u00f3 con John Harvey Kellog hasta 1895. En 1895, con su [&hellip;]<\/p>\n","protected":false},"author":2,"featured_media":554,"comment_status":"open","ping_status":"closed","sticky":false,"template":"","format":"standard","meta":{"footnotes":""},"categories":[44,43],"tags":[],"class_list":["post-1325","post","type-post","status-publish","format-standard","has-post-thumbnail","hentry","category-arte-fr-es","category-en-es"],"publishpress_future_action":{"enabled":false,"date":"2026-05-07 00:39:19","action":"change-status","newStatus":"draft","terms":[],"taxonomy":"category"},"publishpress_future_workflow_manual_trigger":{"enabledWorkflows":[]},"_links":{"self":[{"href":"https:\/\/adventtrail.ch\/es\/wp-json\/wp\/v2\/posts\/1325","targetHints":{"allow":["GET"]}}],"collection":[{"href":"https:\/\/adventtrail.ch\/es\/wp-json\/wp\/v2\/posts"}],"about":[{"href":"https:\/\/adventtrail.ch\/es\/wp-json\/wp\/v2\/types\/post"}],"author":[{"embeddable":true,"href":"https:\/\/adventtrail.ch\/es\/wp-json\/wp\/v2\/users\/2"}],"replies":[{"embeddable":true,"href":"https:\/\/adventtrail.ch\/es\/wp-json\/wp\/v2\/comments?post=1325"}],"version-history":[{"count":1,"href":"https:\/\/adventtrail.ch\/es\/wp-json\/wp\/v2\/posts\/1325\/revisions"}],"predecessor-version":[{"id":1326,"href":"https:\/\/adventtrail.ch\/es\/wp-json\/wp\/v2\/posts\/1325\/revisions\/1326"}],"wp:featuredmedia":[{"embeddable":true,"href":"https:\/\/adventtrail.ch\/es\/wp-json\/wp\/v2\/media\/554"}],"wp:attachment":[{"href":"https:\/\/adventtrail.ch\/es\/wp-json\/wp\/v2\/media?parent=1325"}],"wp:term":[{"taxonomy":"category","embeddable":true,"href":"https:\/\/adventtrail.ch\/es\/wp-json\/wp\/v2\/categories?post=1325"},{"taxonomy":"post_tag","embeddable":true,"href":"https:\/\/adventtrail.ch\/es\/wp-json\/wp\/v2\/tags?post=1325"}],"curies":[{"name":"wp","href":"https:\/\/api.w.org\/{rel}","templated":true}]}}