{"id":1331,"date":"2024-01-10T16:58:47","date_gmt":"2024-01-10T15:58:47","guid":{"rendered":"https:\/\/adventtrail.ch\/nieto-yverdon\/"},"modified":"2024-07-02T12:46:37","modified_gmt":"2024-07-02T11:46:37","slug":"nieto-yverdon","status":"publish","type":"post","link":"https:\/\/adventtrail.ch\/es\/nieto-yverdon\/","title":{"rendered":"Grandson &#8211; Yverdon"},"content":{"rendered":"\n<figure class=\"wp-block-embed is-type-video is-provider-vimeo wp-block-embed-vimeo wp-embed-aspect-16-9 wp-has-aspect-ratio\"><div class=\"wp-block-embed__wrapper\">\n<iframe loading=\"lazy\" title=\"M.B. Czechowski\" src=\"https:\/\/player.vimeo.com\/video\/901253832?dnt=1&amp;app_id=122963\" width=\"500\" height=\"281\" frameborder=\"0\" allow=\"autoplay; fullscreen; picture-in-picture; clipboard-write\"><\/iframe>\n<\/div><\/figure>\n\n<h4 class=\"wp-block-heading\">Los primeros pasos fuera del continente  <br\/>Am\u00e9rica del Norte<\/h4>\n\n<p>Al parecer, cuando los sapos emigran, siempre hay uno que no sigue al grupo y sigue su propio camino. De este modo, si algo le ocurriera al grupo principal, garantizar\u00eda \u00e9l solo la supervivencia de la especie.Sobre la base de lo que acabo de explicar, y con el debido respeto, me parece que Mihal Belina Czechowski puede ser descrito como un sapo loco.<br\/>Mientras la joven Iglesia Adventista del S\u00e9ptimo D\u00eda se centraba en anunciar el retorno de Cristo en el continente norteamericano, hizo falta un antiguo monje polaco para llevar el mensaje m\u00e1s all\u00e1 de las fronteras de los Estados Unidos de Am\u00e9rica. Una persona para la que hab\u00eda que difundir el mensaje por cualquier medio, incluso utilizando dinero de otra confesi\u00f3n. Su objetivo: los Vaudois en Piamonte, Italia.<br\/>Lleg\u00f3 a Torre-Pellice a principios de julio de 1864 y permaneci\u00f3 all\u00ed hasta febrero de 1865. En ese momento, decidi\u00f3 venir a Suiza, que parec\u00eda un lugar m\u00e1s favorable para su familia y para establecer un centro de evangelizaci\u00f3n.<br\/>El 14 de septiembre de 1865, fue inscrito en el registro de extranjeros de la comuna de Grandson y se le concedi\u00f3 el permiso de residencia n\u00ba 111159. Lleg\u00f3 con su mujer, sus cinco hijos, su hermano y Jean-David Geymet, un converso piamont\u00e9s. El viaje no fue f\u00e1cil para estas nueve personas. Las etapas incluyeron Tur\u00edn, el paso del Mont Cenis a pie y con equipaje, luego una diligencia de Lanslebourg a Saint-Michel-de-Maurienne y finalmente el autocar a Yverdon.<br\/>Desde Grandson, recorrer\u00e1 la regi\u00f3n. Especialmente las monta\u00f1as del Jura. Jean-David Geymet trabaja en Missy, en la regi\u00f3n de Broye, cerca de Avenches.<br\/>Como instrumento, imprimi\u00f3 una revista titulada L&#8217;Evangile Eternel et l&#8217;accomplissement des proph\u00e9ties sur la venue du Sauveur (El Evangelio Eterno y el cumplimiento de las profec\u00edas sobre la venida del Salvador). Presentar\u00e1 las profec\u00edas de Daniel y luego del Apocalipsis.<br\/>En 1866, los primeros frutos del trabajo de Fleurier. Pero dejemos que Anna de Prato, hija de Louise Pigueron, cuente la historia: \u00bb  <em>Mi madre solicit\u00f3 inmediatamente el bautizo, que tuvo lugar el 7 de febrero en el lago cercano a Grandson, por la noche, a la luz de una linterna, ya que todav\u00eda no se atrev\u00edan a bautizar de d\u00eda. El hermano Geymet, que hab\u00eda venido con Czechowski de los Valles Valdenses, tambi\u00e9n fue bautizado despu\u00e9s de mi madre.<\/em>  \u00ab<br\/>Desde all\u00ed, el mensaje adventista fue proclamado en Val de Travers, Val de Ruz, La Chaux-de-Fonds, Le Locle, Courtelary, Tramelan, as\u00ed como en Murten, Basilea, Saint-Blaise y Cornaux.<\/p>\n\n<figure class=\"wp-block-gallery has-nested-images columns-default is-cropped wp-block-gallery-1 is-layout-flex wp-block-gallery-is-layout-flex\">\n<figure class=\"wp-block-image size-large\"><img loading=\"lazy\" decoding=\"async\" width=\"768\" height=\"1024\" data-id=\"412\" src=\"https:\/\/adventtrail.ch\/wp-content\/uploads\/2024\/01\/img_0546-czechowski-panneau-prophetie-09-768x1024.jpg\" alt=\"\" class=\"wp-image-412\" srcset=\"https:\/\/adventtrail.ch\/wp-content\/uploads\/2024\/01\/img_0546-czechowski-panneau-prophetie-09-768x1024.jpg 768w, https:\/\/adventtrail.ch\/wp-content\/uploads\/2024\/01\/img_0546-czechowski-panneau-prophetie-09-225x300.jpg 225w, https:\/\/adventtrail.ch\/wp-content\/uploads\/2024\/01\/img_0546-czechowski-panneau-prophetie-09-1152x1536.jpg 1152w, https:\/\/adventtrail.ch\/wp-content\/uploads\/2024\/01\/img_0546-czechowski-panneau-prophetie-09-1536x2048.jpg 1536w, https:\/\/adventtrail.ch\/wp-content\/uploads\/2024\/01\/img_0546-czechowski-panneau-prophetie-09-scaled.jpg 1920w\" sizes=\"auto, (max-width: 768px) 100vw, 768px\" \/><figcaption class=\"wp-element-caption\">El panel utilizado por Mihal Czechowski<\/figcaption><\/figure>\n\n\n\n<figure class=\"wp-block-image size-large\"><img loading=\"lazy\" decoding=\"async\" width=\"105\" height=\"163\" data-id=\"464\" src=\"https:\/\/adventtrail.ch\/wp-content\/uploads\/2024\/01\/img_0094-czechowski.jpg\" alt=\"\" class=\"wp-image-464\"\/><figcaption class=\"wp-element-caption\">  Mihal Czechowski<\/figcaption><\/figure>\n\n\n\n<figure class=\"wp-block-image size-large\"><img loading=\"lazy\" decoding=\"async\" width=\"800\" height=\"594\" data-id=\"461\" src=\"https:\/\/adventtrail.ch\/wp-content\/uploads\/2024\/01\/img_0097-jean-david-geymet-et-famille.jpg\" alt=\"\" class=\"wp-image-461\" srcset=\"https:\/\/adventtrail.ch\/wp-content\/uploads\/2024\/01\/img_0097-jean-david-geymet-et-famille.jpg 800w, https:\/\/adventtrail.ch\/wp-content\/uploads\/2024\/01\/img_0097-jean-david-geymet-et-famille-300x223.jpg 300w, https:\/\/adventtrail.ch\/wp-content\/uploads\/2024\/01\/img_0097-jean-david-geymet-et-famille-768x570.jpg 768w\" sizes=\"auto, (max-width: 800px) 100vw, 800px\" \/><figcaption class=\"wp-element-caption\">Jean-David Geymet y familia<\/figcaption><\/figure>\n\n\n\n<figure class=\"wp-block-image size-large\"><img loading=\"lazy\" decoding=\"async\" width=\"768\" height=\"1024\" data-id=\"463\" src=\"https:\/\/adventtrail.ch\/wp-content\/uploads\/2024\/01\/img_0550-czechowski-pub-journal-in-livre-alfred-vaucher-768x1024.jpg\" alt=\"\" class=\"wp-image-463\" srcset=\"https:\/\/adventtrail.ch\/wp-content\/uploads\/2024\/01\/img_0550-czechowski-pub-journal-in-livre-alfred-vaucher-768x1024.jpg 768w, https:\/\/adventtrail.ch\/wp-content\/uploads\/2024\/01\/img_0550-czechowski-pub-journal-in-livre-alfred-vaucher-225x300.jpg 225w, https:\/\/adventtrail.ch\/wp-content\/uploads\/2024\/01\/img_0550-czechowski-pub-journal-in-livre-alfred-vaucher-1152x1536.jpg 1152w, https:\/\/adventtrail.ch\/wp-content\/uploads\/2024\/01\/img_0550-czechowski-pub-journal-in-livre-alfred-vaucher-1536x2048.jpg 1536w, https:\/\/adventtrail.ch\/wp-content\/uploads\/2024\/01\/img_0550-czechowski-pub-journal-in-livre-alfred-vaucher-scaled.jpg 1920w\" sizes=\"auto, (max-width: 768px) 100vw, 768px\" \/><\/figure>\n\n\n\n<figure class=\"wp-block-image size-large\"><img loading=\"lazy\" decoding=\"async\" width=\"1024\" height=\"768\" data-id=\"462\" src=\"https:\/\/adventtrail.ch\/wp-content\/uploads\/2024\/01\/img_0491-czechowski-evangile-eternel-03-1024x768.jpg\" alt=\"\" class=\"wp-image-462\" srcset=\"https:\/\/adventtrail.ch\/wp-content\/uploads\/2024\/01\/img_0491-czechowski-evangile-eternel-03-1024x768.jpg 1024w, https:\/\/adventtrail.ch\/wp-content\/uploads\/2024\/01\/img_0491-czechowski-evangile-eternel-03-300x225.jpg 300w, https:\/\/adventtrail.ch\/wp-content\/uploads\/2024\/01\/img_0491-czechowski-evangile-eternel-03-768x576.jpg 768w, https:\/\/adventtrail.ch\/wp-content\/uploads\/2024\/01\/img_0491-czechowski-evangile-eternel-03-1536x1152.jpg 1536w, https:\/\/adventtrail.ch\/wp-content\/uploads\/2024\/01\/img_0491-czechowski-evangile-eternel-03-2048x1536.jpg 2048w\" sizes=\"auto, (max-width: 1024px) 100vw, 1024px\" \/><\/figure>\n<\/figure>\n\n<h4 class=\"wp-block-heading\">\u00abNo habr\u00e1 guerra.<\/h4>\n\n<div class=\"wp-block-media-text alignwide has-media-on-the-right is-stacked-on-mobile is-vertically-aligned-center\" style=\"grid-template-columns:auto 30%\"><div class=\"wp-block-media-text__content\">\n<p>En 1914, Yverdon acogi\u00f3 una Reuni\u00f3n de Campamento. Cuenta un joven evangelista, Alfred Vaucher:<br\/><em>\u00ab(&#8230;) Los peri\u00f3dicos dec\u00edan que la guerra era inminente e inevitable. As\u00ed que no ve\u00eda que pudiera evitarse. Pero nuestros predicadores, tanto en Am\u00e9rica como en Europa, dec\u00edan: \u00abLa pr\u00f3xima guerra ser\u00e1 la \u00faltima. Y lo ser\u00e1 cuando haya terminado el tiempo de gracia. As\u00ed que nuestro trabajo debe concluir primero. Y Dios nos est\u00e1 concediendo un tiempo de paz, de relativa tranquilidad, para que podamos completar la obra (&#8230;)\u00bb.Y as\u00ed, 2 semanas antes del estallido de la Primera Guerra Mundial, celebramos un campamento-reuni\u00f3n en Yverdon (Suiza). Conradi estaba all\u00ed. Conradi fue el director de la obra en toda Europa. Y nos dijo  <\/em><br\/><em>\u00abNo te preocupes, no habr\u00e1 guerra.<\/em>  <br\/>Entrevista realizada por John Graz en 1981.<\/p>\n<\/div><figure class=\"wp-block-media-text__media\"><img decoding=\"async\" src=\"https:\/\/adventrail.wordpress.com\/wp-content\/uploads\/2024\/01\/6a00e008c7fc5c88340153929ea2d0970b-500wi.jpg?w=500\" alt=\"\" class=\"wp-image-310 size-full\"\/><\/figure><\/div>\n\n<h4 class=\"wp-block-heading\">Informaci\u00f3n pr\u00e1ctica<\/h4>\n\n<p><strong>Iglesia Adventista :  <\/strong><br\/>Direcci\u00f3n:<a href=\"https:\/\/maps.app.goo.gl\/bQjGkuSJUuKasetEA\">Avenue des Bains 8<\/a>, 1400 Yverdon-les-Bains.<\/p>\n\n<p><strong>Oficina de turismo :<\/strong><br\/><a href=\"https:\/\/www.yverdonlesbainsregion.ch\/\">Yverdon-les-Bains<\/a><\/p>\n\n<p><strong>Para saber m\u00e1s:<\/strong><br\/><a href=\"https:\/\/www.archivesadventistes.org\/blog\/czechowski_michal_b\/\">Archivos hist\u00f3ricos del adventismo franc\u00f3fono<\/a><br\/><a href=\"http:\/\/www.archivesadventistes.net\/EN\/AHA\/BRO\/MBCzechowski.pdf\">M.-B. Czechowski<\/a>por A-F Vaucher, Imprimerie FIDES, Collonges-sous-Sal\u00e8ve, 1976<\/p>\n","protected":false},"excerpt":{"rendered":"<p>Los primeros pasos fuera del continente Am\u00e9rica del Norte Al parecer, cuando los sapos emigran, siempre hay uno que no sigue al grupo y sigue su propio camino. De este modo, si algo le ocurriera al grupo principal, garantizar\u00eda \u00e9l solo la supervivencia de la especie.Sobre la base de lo que acabo de explicar, y [&hellip;]<\/p>\n","protected":false},"author":2,"featured_media":530,"comment_status":"open","ping_status":"closed","sticky":false,"template":"","format":"standard","meta":{"footnotes":""},"categories":[44,43],"tags":[],"class_list":["post-1331","post","type-post","status-publish","format-standard","has-post-thumbnail","hentry","category-arte-fr-es","category-en-es"],"publishpress_future_action":{"enabled":false,"date":"2026-05-06 23:18:57","action":"change-status","newStatus":"draft","terms":[],"taxonomy":"category"},"publishpress_future_workflow_manual_trigger":{"enabledWorkflows":[]},"_links":{"self":[{"href":"https:\/\/adventtrail.ch\/es\/wp-json\/wp\/v2\/posts\/1331","targetHints":{"allow":["GET"]}}],"collection":[{"href":"https:\/\/adventtrail.ch\/es\/wp-json\/wp\/v2\/posts"}],"about":[{"href":"https:\/\/adventtrail.ch\/es\/wp-json\/wp\/v2\/types\/post"}],"author":[{"embeddable":true,"href":"https:\/\/adventtrail.ch\/es\/wp-json\/wp\/v2\/users\/2"}],"replies":[{"embeddable":true,"href":"https:\/\/adventtrail.ch\/es\/wp-json\/wp\/v2\/comments?post=1331"}],"version-history":[{"count":3,"href":"https:\/\/adventtrail.ch\/es\/wp-json\/wp\/v2\/posts\/1331\/revisions"}],"predecessor-version":[{"id":1410,"href":"https:\/\/adventtrail.ch\/es\/wp-json\/wp\/v2\/posts\/1331\/revisions\/1410"}],"wp:featuredmedia":[{"embeddable":true,"href":"https:\/\/adventtrail.ch\/es\/wp-json\/wp\/v2\/media\/530"}],"wp:attachment":[{"href":"https:\/\/adventtrail.ch\/es\/wp-json\/wp\/v2\/media?parent=1331"}],"wp:term":[{"taxonomy":"category","embeddable":true,"href":"https:\/\/adventtrail.ch\/es\/wp-json\/wp\/v2\/categories?post=1331"},{"taxonomy":"post_tag","embeddable":true,"href":"https:\/\/adventtrail.ch\/es\/wp-json\/wp\/v2\/tags?post=1331"}],"curies":[{"name":"wp","href":"https:\/\/api.w.org\/{rel}","templated":true}]}}