{"id":1321,"date":"2024-01-10T16:58:47","date_gmt":"2024-01-10T15:58:47","guid":{"rendered":"https:\/\/adventtrail.ch\/nipote-yverdon\/"},"modified":"2024-07-02T12:44:03","modified_gmt":"2024-07-02T11:44:03","slug":"nipote-yverdon","status":"publish","type":"post","link":"https:\/\/adventtrail.ch\/it\/nipote-yverdon\/","title":{"rendered":"Grandson &#8211; Yverdon"},"content":{"rendered":"\n<figure class=\"wp-block-embed is-type-video is-provider-vimeo wp-block-embed-vimeo wp-embed-aspect-16-9 wp-has-aspect-ratio\"><div class=\"wp-block-embed__wrapper\">\n<iframe loading=\"lazy\" title=\"M.B. Czechowski\" src=\"https:\/\/player.vimeo.com\/video\/901253832?dnt=1&amp;app_id=122963\" width=\"500\" height=\"281\" frameborder=\"0\" allow=\"autoplay; fullscreen; picture-in-picture; clipboard-write\"><\/iframe>\n<\/div><\/figure>\n\n<h4 class=\"wp-block-heading\">I primi passi fuori dal continente  <br\/>Nord America<\/h4>\n\n<p>A quanto pare, quando i rospi migrano, ce n&#8217;\u00e8 sempre uno che non segue il gruppo e va per la sua strada. In questo modo, se dovesse accadere qualcosa al gruppo principale, garantirebbe la sopravvivenza della specie da solo.Sulla base di quanto ho appena spiegato, e con tutto il rispetto, mi sembra che Mihal Belina Czechowski possa essere descritta come un rospo pazzo.<br\/>Mentre la giovane Chiesa Avventista del 7\u00b0 Giorno si concentrava sull&#8217;annuncio del ritorno di Cristo nel continente nordamericano, ci volle un ex monaco polacco per portare il messaggio oltre i confini degli Stati Uniti d&#8217;America. Una persona per la quale il messaggio doveva essere diffuso con ogni mezzo necessario, anche utilizzando il denaro di un&#8217;altra denominazione. Il suo obiettivo: i Vaudois in Piemonte, Italia.<br\/>Arriv\u00f2 a Torre-Pellice all&#8217;inizio di luglio del 1864 e vi rimase fino al febbraio del 1865. A quel punto decise di venire in Svizzera, che sembrava un luogo pi\u00f9 favorevole per la sua famiglia e per la creazione di un centro di evangelizzazione.<br\/>Il 14 settembre 1865 fu iscritto nel registro degli stranieri del comune di Grandson e ottenne il permesso di soggiorno n. 111159. Arriv\u00f2 con la moglie, i loro cinque figli, il fratello e Jean-David Geymet, un piemontese convertito. Il viaggio non \u00e8 stato facile per queste nove persone. Le tappe comprendevano Torino, il passo del Mont Cenis a piedi e con i bagagli, poi una diligenza da Lanslebourg a Saint-Michel-de-Maurienne e infine la carrozza per Yverdon.<br\/>Da Grandson, sar\u00e0 in tour nella regione. Soprattutto le montagne del Giura. Jean-David Geymet lavora a Missy, nella regione della Broye, vicino ad Avenches.<br\/>Come strumento, stamp\u00f2 una rivista intitolata L&#8217;Evangile Eternel et l&#8217;accomplissement des proph\u00e9ties sur la venue du Sauveur (Il Vangelo Eterno e l&#8217;adempimento delle profezie sulla venuta del Salvatore). Presenter\u00e0 le profezie di Daniele e poi dell&#8217;Apocalisse.<br\/>Nel 1866, i primi frutti del lavoro di Fleurier. Ma lasciamo che sia Anna de Prato, figlia di Louise Pigueron, a raccontare la storia: &#8221;  <em>Mia madre richiese immediatamente il battesimo, che ebbe luogo il 7 febbraio nel lago vicino a Grandson, di notte, alla luce di una lanterna, poich\u00e9 non osavano ancora battezzare di giorno. Anche il fratello Geymet, che era arrivato con Czechowski dalle Valli Valdesi, fu battezzato dopo mia madre.<\/em>  &#8220;<br\/>Da l\u00ec, il messaggio avventista fu proclamato a Val de Travers, Val de Ruz, La Chaux-de-Fonds, Le Locle, Courtelary, Tramelan, oltre che a Murten, Basilea, Saint-Blaise e Cornaux.<\/p>\n\n<figure class=\"wp-block-gallery has-nested-images columns-default is-cropped wp-block-gallery-1 is-layout-flex wp-block-gallery-is-layout-flex\">\n<figure class=\"wp-block-image size-large\"><img loading=\"lazy\" decoding=\"async\" width=\"768\" height=\"1024\" data-id=\"412\" src=\"https:\/\/adventtrail.ch\/wp-content\/uploads\/2024\/01\/img_0546-czechowski-panneau-prophetie-09-768x1024.jpg\" alt=\"\" class=\"wp-image-412\" srcset=\"https:\/\/adventtrail.ch\/wp-content\/uploads\/2024\/01\/img_0546-czechowski-panneau-prophetie-09-768x1024.jpg 768w, https:\/\/adventtrail.ch\/wp-content\/uploads\/2024\/01\/img_0546-czechowski-panneau-prophetie-09-225x300.jpg 225w, https:\/\/adventtrail.ch\/wp-content\/uploads\/2024\/01\/img_0546-czechowski-panneau-prophetie-09-1152x1536.jpg 1152w, https:\/\/adventtrail.ch\/wp-content\/uploads\/2024\/01\/img_0546-czechowski-panneau-prophetie-09-1536x2048.jpg 1536w, https:\/\/adventtrail.ch\/wp-content\/uploads\/2024\/01\/img_0546-czechowski-panneau-prophetie-09-scaled.jpg 1920w\" sizes=\"auto, (max-width: 768px) 100vw, 768px\" \/><figcaption class=\"wp-element-caption\">Il pannello utilizzato da Mihal Czechowski<\/figcaption><\/figure>\n\n\n\n<figure class=\"wp-block-image size-large\"><img loading=\"lazy\" decoding=\"async\" width=\"105\" height=\"163\" data-id=\"464\" src=\"https:\/\/adventtrail.ch\/wp-content\/uploads\/2024\/01\/img_0094-czechowski.jpg\" alt=\"\" class=\"wp-image-464\"\/><figcaption class=\"wp-element-caption\">  Mihal Czechowski<\/figcaption><\/figure>\n\n\n\n<figure class=\"wp-block-image size-large\"><img loading=\"lazy\" decoding=\"async\" width=\"800\" height=\"594\" data-id=\"461\" src=\"https:\/\/adventtrail.ch\/wp-content\/uploads\/2024\/01\/img_0097-jean-david-geymet-et-famille.jpg\" alt=\"\" class=\"wp-image-461\" srcset=\"https:\/\/adventtrail.ch\/wp-content\/uploads\/2024\/01\/img_0097-jean-david-geymet-et-famille.jpg 800w, https:\/\/adventtrail.ch\/wp-content\/uploads\/2024\/01\/img_0097-jean-david-geymet-et-famille-300x223.jpg 300w, https:\/\/adventtrail.ch\/wp-content\/uploads\/2024\/01\/img_0097-jean-david-geymet-et-famille-768x570.jpg 768w\" sizes=\"auto, (max-width: 800px) 100vw, 800px\" \/><figcaption class=\"wp-element-caption\">Jean-David Geymet e famiglia<\/figcaption><\/figure>\n\n\n\n<figure class=\"wp-block-image size-large\"><img loading=\"lazy\" decoding=\"async\" width=\"768\" height=\"1024\" data-id=\"463\" src=\"https:\/\/adventtrail.ch\/wp-content\/uploads\/2024\/01\/img_0550-czechowski-pub-journal-in-livre-alfred-vaucher-768x1024.jpg\" alt=\"\" class=\"wp-image-463\" srcset=\"https:\/\/adventtrail.ch\/wp-content\/uploads\/2024\/01\/img_0550-czechowski-pub-journal-in-livre-alfred-vaucher-768x1024.jpg 768w, https:\/\/adventtrail.ch\/wp-content\/uploads\/2024\/01\/img_0550-czechowski-pub-journal-in-livre-alfred-vaucher-225x300.jpg 225w, https:\/\/adventtrail.ch\/wp-content\/uploads\/2024\/01\/img_0550-czechowski-pub-journal-in-livre-alfred-vaucher-1152x1536.jpg 1152w, https:\/\/adventtrail.ch\/wp-content\/uploads\/2024\/01\/img_0550-czechowski-pub-journal-in-livre-alfred-vaucher-1536x2048.jpg 1536w, https:\/\/adventtrail.ch\/wp-content\/uploads\/2024\/01\/img_0550-czechowski-pub-journal-in-livre-alfred-vaucher-scaled.jpg 1920w\" sizes=\"auto, (max-width: 768px) 100vw, 768px\" \/><\/figure>\n\n\n\n<figure class=\"wp-block-image size-large\"><img loading=\"lazy\" decoding=\"async\" width=\"1024\" height=\"768\" data-id=\"462\" src=\"https:\/\/adventtrail.ch\/wp-content\/uploads\/2024\/01\/img_0491-czechowski-evangile-eternel-03-1024x768.jpg\" alt=\"\" class=\"wp-image-462\" srcset=\"https:\/\/adventtrail.ch\/wp-content\/uploads\/2024\/01\/img_0491-czechowski-evangile-eternel-03-1024x768.jpg 1024w, https:\/\/adventtrail.ch\/wp-content\/uploads\/2024\/01\/img_0491-czechowski-evangile-eternel-03-300x225.jpg 300w, https:\/\/adventtrail.ch\/wp-content\/uploads\/2024\/01\/img_0491-czechowski-evangile-eternel-03-768x576.jpg 768w, https:\/\/adventtrail.ch\/wp-content\/uploads\/2024\/01\/img_0491-czechowski-evangile-eternel-03-1536x1152.jpg 1536w, https:\/\/adventtrail.ch\/wp-content\/uploads\/2024\/01\/img_0491-czechowski-evangile-eternel-03-2048x1536.jpg 2048w\" sizes=\"auto, (max-width: 1024px) 100vw, 1024px\" \/><\/figure>\n<\/figure>\n\n<h4 class=\"wp-block-heading\">&#8220;Non ci sar\u00e0 nessuna guerra.<\/h4>\n\n<div class=\"wp-block-media-text alignwide has-media-on-the-right is-stacked-on-mobile is-vertically-aligned-center\" style=\"grid-template-columns:auto 30%\"><div class=\"wp-block-media-text__content\">\n<p>Nel 1914, Yverdon ospit\u00f2 una riunione di campo. Un giovane evangelista, Alfred Vaucher, racconta:<br\/><em>&#8220;(&#8230;) I giornali dicevano che la guerra era imminente e inevitabile. Quindi non vedevo la possibilit\u00e0 di evitarla. Ma i nostri predicatori, sia in America che in Europa, dicevano: &#8220;La prossima guerra sar\u00e0 l&#8217;ultima. E avverr\u00e0 quando il tempo della grazia sar\u00e0 finito. Quindi il nostro lavoro deve prima essere completato. E Dio ci sta dando un periodo di pace, di relativa tranquillit\u00e0, in modo che possiamo completare l&#8217;opera (&#8230;)&#8221;.Cos\u00ec, due settimane prima dello scoppio della Prima Guerra Mondiale, tenemmo una riunione di campo a Yverdon, in Svizzera. Conradi era presente. Conradi era il direttore dei lavori in tutta Europa. E ci disse:  <\/em><br\/><em>&#8220;Non preoccuparti, non ci sar\u00e0 una guerra.<\/em>  <br\/>Intervista rilasciata da John Graz nel 1981.<\/p>\n<\/div><figure class=\"wp-block-media-text__media\"><img decoding=\"async\" src=\"https:\/\/adventrail.wordpress.com\/wp-content\/uploads\/2024\/01\/6a00e008c7fc5c88340153929ea2d0970b-500wi.jpg?w=500\" alt=\"\" class=\"wp-image-310 size-full\"\/><\/figure><\/div>\n\n<h4 class=\"wp-block-heading\">Informazioni pratiche<\/h4>\n\n<p><strong>Chiesa Avventista :  <\/strong><br\/>Indirizzo:<a href=\"https:\/\/maps.app.goo.gl\/bQjGkuSJUuKasetEA\">Avenue des Bains 8<\/a>, 1400 Yverdon-les-Bains.<\/p>\n\n<p><strong>Ufficio del turismo :<\/strong><br\/><a href=\"https:\/\/www.yverdonlesbainsregion.ch\/\">Yverdon-les-Bains<\/a><\/p>\n\n<p><strong>Per saperne di pi\u00f9:<\/strong><br\/><a href=\"https:\/\/www.archivesadventistes.org\/blog\/czechowski_michal_b\/\">Archivi storici dell&#8217;avventismo francofono<\/a><br\/><a href=\"http:\/\/www.archivesadventistes.net\/EN\/AHA\/BRO\/MBCzechowski.pdf\">M.-B. Czechowski<\/a>da A-F Vaucher, Imprimerie FIDES, Collonges-sous-Sal\u00e8ve, 1976<\/p>\n","protected":false},"excerpt":{"rendered":"<p>I primi passi fuori dal continente Nord America A quanto pare, quando i rospi migrano, ce n&#8217;\u00e8 sempre uno che non segue il gruppo e va per la sua strada. In questo modo, se dovesse accadere qualcosa al gruppo principale, garantirebbe la sopravvivenza della specie da solo.Sulla base di quanto ho appena spiegato, e con [&hellip;]<\/p>\n","protected":false},"author":2,"featured_media":527,"comment_status":"open","ping_status":"closed","sticky":false,"template":"","format":"standard","meta":{"footnotes":""},"categories":[42,41],"tags":[],"class_list":["post-1321","post","type-post","status-publish","format-standard","has-post-thumbnail","hentry","category-arte-fr-it","category-it-it"],"publishpress_future_action":{"enabled":false,"date":"2026-05-06 23:17:51","action":"change-status","newStatus":"draft","terms":[],"taxonomy":"category"},"publishpress_future_workflow_manual_trigger":{"enabledWorkflows":[]},"_links":{"self":[{"href":"https:\/\/adventtrail.ch\/it\/wp-json\/wp\/v2\/posts\/1321","targetHints":{"allow":["GET"]}}],"collection":[{"href":"https:\/\/adventtrail.ch\/it\/wp-json\/wp\/v2\/posts"}],"about":[{"href":"https:\/\/adventtrail.ch\/it\/wp-json\/wp\/v2\/types\/post"}],"author":[{"embeddable":true,"href":"https:\/\/adventtrail.ch\/it\/wp-json\/wp\/v2\/users\/2"}],"replies":[{"embeddable":true,"href":"https:\/\/adventtrail.ch\/it\/wp-json\/wp\/v2\/comments?post=1321"}],"version-history":[{"count":3,"href":"https:\/\/adventtrail.ch\/it\/wp-json\/wp\/v2\/posts\/1321\/revisions"}],"predecessor-version":[{"id":1404,"href":"https:\/\/adventtrail.ch\/it\/wp-json\/wp\/v2\/posts\/1321\/revisions\/1404"}],"wp:featuredmedia":[{"embeddable":true,"href":"https:\/\/adventtrail.ch\/it\/wp-json\/wp\/v2\/media\/527"}],"wp:attachment":[{"href":"https:\/\/adventtrail.ch\/it\/wp-json\/wp\/v2\/media?parent=1321"}],"wp:term":[{"taxonomy":"category","embeddable":true,"href":"https:\/\/adventtrail.ch\/it\/wp-json\/wp\/v2\/categories?post=1321"},{"taxonomy":"post_tag","embeddable":true,"href":"https:\/\/adventtrail.ch\/it\/wp-json\/wp\/v2\/tags?post=1321"}],"curies":[{"name":"wp","href":"https:\/\/api.w.org\/{rel}","templated":true}]}}