{"id":1313,"date":"2024-01-10T16:58:47","date_gmt":"2024-01-10T15:58:47","guid":{"rendered":"https:\/\/adventtrail.ch\/neto-yverdon\/"},"modified":"2024-07-02T12:46:00","modified_gmt":"2024-07-02T11:46:00","slug":"neto-yverdon","status":"publish","type":"post","link":"https:\/\/adventtrail.ch\/pt-pt\/neto-yverdon\/","title":{"rendered":"Grandson &#8211; Yverdon"},"content":{"rendered":"\n<figure class=\"wp-block-embed is-type-video is-provider-vimeo wp-block-embed-vimeo wp-embed-aspect-16-9 wp-has-aspect-ratio\"><div class=\"wp-block-embed__wrapper\">\n<iframe loading=\"lazy\" title=\"M.B. Czechowski\" src=\"https:\/\/player.vimeo.com\/video\/901253832?dnt=1&amp;app_id=122963\" width=\"500\" height=\"281\" frameborder=\"0\" allow=\"autoplay; fullscreen; picture-in-picture; clipboard-write\"><\/iframe>\n<\/div><\/figure>\n\n<h4 class=\"wp-block-heading\">Os primeiros passos fora do continente  <br\/>Am\u00e9rica do Norte<\/h4>\n\n<p>Aparentemente, quando os sapos migram, h\u00e1 sempre um que n\u00e3o segue o grupo e segue o seu pr\u00f3prio caminho. Assim, se alguma coisa acontecesse ao grupo principal, assegurava sozinho a sobreviv\u00eancia da esp\u00e9cie.Com base no que acabei de explicar, e com todo o respeito, parece-me que Mihal Belina Czechowski pode ser descrito como um sapo louco.<br\/>Enquanto a jovem Igreja Adventista do 7\u00ba Dia se concentrava em anunciar o regresso de Cristo no continente norte-americano, foi necess\u00e1rio um antigo monge polaco para levar a mensagem para al\u00e9m das fronteiras dos Estados Unidos da Am\u00e9rica. Uma pessoa para quem a mensagem tinha de ser espalhada por todos os meios necess\u00e1rios, mesmo usando dinheiro de outra denomina\u00e7\u00e3o. O seu alvo: os valdenses em Piemonte, It\u00e1lia.<br\/>Chega a Torre-Pellice no in\u00edcio de julho de 1864 e a\u00ed permanece at\u00e9 fevereiro de 1865. Nessa altura, decide vir para a Su\u00ed\u00e7a, que lhe parece um lugar mais favor\u00e1vel para a sua fam\u00edlia e para a cria\u00e7\u00e3o de um centro de evangeliza\u00e7\u00e3o.<br\/>Em 14 de setembro de 1865, \u00e9 inscrito no registo de estrangeiros da comuna de Grandson e recebe a autoriza\u00e7\u00e3o de resid\u00eancia n.\u00ba 111159. Chega com a mulher, os cinco filhos, o irm\u00e3o e Jean-David Geymet, um convertido do Piemonte. A viagem n\u00e3o foi f\u00e1cil para estas nove pessoas. As etapas inclu\u00edam Turim, a passagem do Monte Cenis a p\u00e9 e com bagagem, depois uma dilig\u00eancia de Lanslebourg a Saint-Michel-de-Maurienne e, por fim, a dilig\u00eancia at\u00e9 Yverdon.<br\/>A partir de Grandson, percorre a regi\u00e3o. Especialmente as montanhas do Jura. Jean-David Geymet trabalha em Missy, na regi\u00e3o de Broye, perto de Avenches.<br\/>Como instrumento, imprimiu uma revista intitulada L&#8217;Evangile Eternel et l&#8217;accomplissement des proph\u00e9ties sur la venue du Sauveur (O Evangelho Eterno e o cumprimento das profecias sobre a vinda do Salvador). Apresenta as profecias de Daniel e depois as do Apocalipse.<br\/>Em 1866, os primeiros frutos do trabalho de Fleurier. Mas deixemos Anna de Prato, filha de Lu\u00edsa Pigueron, contar a hist\u00f3ria: &#8221;  <em>A minha m\u00e3e pediu imediatamente o batismo, que se realizou no dia 7 de fevereiro no lago perto de Grandson, \u00e0 noite, \u00e0 luz de lanternas, pois ainda n\u00e3o se atreviam a batizar durante o dia. O Irm\u00e3o Geymet, que tinha vindo com Czechowski dos vales valdenses, foi tamb\u00e9m batizado depois da minha m\u00e3e.<\/em>  &#8220;<br\/>A partir da\u00ed, a mensagem adventista foi proclamada em Val de Travers, Val de Ruz, La Chaux-de-Fonds, Le Locle, Courtelary, Tramelan, bem como em Murten, Basel, Saint-Blaise e Cornaux.<\/p>\n\n<figure class=\"wp-block-gallery has-nested-images columns-default is-cropped wp-block-gallery-1 is-layout-flex wp-block-gallery-is-layout-flex\">\n<figure class=\"wp-block-image size-large\"><img loading=\"lazy\" decoding=\"async\" width=\"768\" height=\"1024\" data-id=\"412\" src=\"https:\/\/adventtrail.ch\/wp-content\/uploads\/2024\/01\/img_0546-czechowski-panneau-prophetie-09-768x1024.jpg\" alt=\"\" class=\"wp-image-412\" srcset=\"https:\/\/adventtrail.ch\/wp-content\/uploads\/2024\/01\/img_0546-czechowski-panneau-prophetie-09-768x1024.jpg 768w, https:\/\/adventtrail.ch\/wp-content\/uploads\/2024\/01\/img_0546-czechowski-panneau-prophetie-09-225x300.jpg 225w, https:\/\/adventtrail.ch\/wp-content\/uploads\/2024\/01\/img_0546-czechowski-panneau-prophetie-09-1152x1536.jpg 1152w, https:\/\/adventtrail.ch\/wp-content\/uploads\/2024\/01\/img_0546-czechowski-panneau-prophetie-09-1536x2048.jpg 1536w, https:\/\/adventtrail.ch\/wp-content\/uploads\/2024\/01\/img_0546-czechowski-panneau-prophetie-09-scaled.jpg 1920w\" sizes=\"auto, (max-width: 768px) 100vw, 768px\" \/><figcaption class=\"wp-element-caption\">O painel utilizado por Mihal Czechowski<\/figcaption><\/figure>\n\n\n\n<figure class=\"wp-block-image size-large\"><img loading=\"lazy\" decoding=\"async\" width=\"105\" height=\"163\" data-id=\"464\" src=\"https:\/\/adventtrail.ch\/wp-content\/uploads\/2024\/01\/img_0094-czechowski.jpg\" alt=\"\" class=\"wp-image-464\"\/><figcaption class=\"wp-element-caption\">  Mihal Czechowski<\/figcaption><\/figure>\n\n\n\n<figure class=\"wp-block-image size-large\"><img loading=\"lazy\" decoding=\"async\" width=\"800\" height=\"594\" data-id=\"461\" src=\"https:\/\/adventtrail.ch\/wp-content\/uploads\/2024\/01\/img_0097-jean-david-geymet-et-famille.jpg\" alt=\"\" class=\"wp-image-461\" srcset=\"https:\/\/adventtrail.ch\/wp-content\/uploads\/2024\/01\/img_0097-jean-david-geymet-et-famille.jpg 800w, https:\/\/adventtrail.ch\/wp-content\/uploads\/2024\/01\/img_0097-jean-david-geymet-et-famille-300x223.jpg 300w, https:\/\/adventtrail.ch\/wp-content\/uploads\/2024\/01\/img_0097-jean-david-geymet-et-famille-768x570.jpg 768w\" sizes=\"auto, (max-width: 800px) 100vw, 800px\" \/><figcaption class=\"wp-element-caption\">Jean-David Geymet e fam\u00edlia<\/figcaption><\/figure>\n\n\n\n<figure class=\"wp-block-image size-large\"><img loading=\"lazy\" decoding=\"async\" width=\"768\" height=\"1024\" data-id=\"463\" src=\"https:\/\/adventtrail.ch\/wp-content\/uploads\/2024\/01\/img_0550-czechowski-pub-journal-in-livre-alfred-vaucher-768x1024.jpg\" alt=\"\" class=\"wp-image-463\" srcset=\"https:\/\/adventtrail.ch\/wp-content\/uploads\/2024\/01\/img_0550-czechowski-pub-journal-in-livre-alfred-vaucher-768x1024.jpg 768w, https:\/\/adventtrail.ch\/wp-content\/uploads\/2024\/01\/img_0550-czechowski-pub-journal-in-livre-alfred-vaucher-225x300.jpg 225w, https:\/\/adventtrail.ch\/wp-content\/uploads\/2024\/01\/img_0550-czechowski-pub-journal-in-livre-alfred-vaucher-1152x1536.jpg 1152w, https:\/\/adventtrail.ch\/wp-content\/uploads\/2024\/01\/img_0550-czechowski-pub-journal-in-livre-alfred-vaucher-1536x2048.jpg 1536w, https:\/\/adventtrail.ch\/wp-content\/uploads\/2024\/01\/img_0550-czechowski-pub-journal-in-livre-alfred-vaucher-scaled.jpg 1920w\" sizes=\"auto, (max-width: 768px) 100vw, 768px\" \/><\/figure>\n\n\n\n<figure class=\"wp-block-image size-large\"><img loading=\"lazy\" decoding=\"async\" width=\"1024\" height=\"768\" data-id=\"462\" src=\"https:\/\/adventtrail.ch\/wp-content\/uploads\/2024\/01\/img_0491-czechowski-evangile-eternel-03-1024x768.jpg\" alt=\"\" class=\"wp-image-462\" srcset=\"https:\/\/adventtrail.ch\/wp-content\/uploads\/2024\/01\/img_0491-czechowski-evangile-eternel-03-1024x768.jpg 1024w, https:\/\/adventtrail.ch\/wp-content\/uploads\/2024\/01\/img_0491-czechowski-evangile-eternel-03-300x225.jpg 300w, https:\/\/adventtrail.ch\/wp-content\/uploads\/2024\/01\/img_0491-czechowski-evangile-eternel-03-768x576.jpg 768w, https:\/\/adventtrail.ch\/wp-content\/uploads\/2024\/01\/img_0491-czechowski-evangile-eternel-03-1536x1152.jpg 1536w, https:\/\/adventtrail.ch\/wp-content\/uploads\/2024\/01\/img_0491-czechowski-evangile-eternel-03-2048x1536.jpg 2048w\" sizes=\"auto, (max-width: 1024px) 100vw, 1024px\" \/><\/figure>\n<\/figure>\n\n<h4 class=\"wp-block-heading\">&#8220;N\u00e3o haver\u00e1 guerra.<\/h4>\n\n<div class=\"wp-block-media-text alignwide has-media-on-the-right is-stacked-on-mobile is-vertically-aligned-center\" style=\"grid-template-columns:auto 30%\"><div class=\"wp-block-media-text__content\">\n<p>Em 1914, Yverdon organizou uma reuni\u00e3o de acampamento. Um jovem evangelista, Alfred Vaucher, conta:<br\/><em>&#8220;(&#8230;) Os jornais diziam que a guerra era iminente e inevit\u00e1vel. Por isso, n\u00e3o via que pudesse ser evitada. Mas os nossos pregadores, tanto na Am\u00e9rica como na Europa, diziam: &#8220;A pr\u00f3xima guerra ser\u00e1 a \u00faltima. E ser\u00e1 quando o tempo de gra\u00e7a tiver terminado. Por isso, o nosso trabalho tem de ser conclu\u00eddo primeiro. E Deus d\u00e1-nos um tempo de paz, de relativa tranquilidade, para que possamos terminar a obra (&#8230;)&#8221;.E assim, duas semanas antes do in\u00edcio da Primeira Guerra Mundial, tivemos uma reuni\u00e3o de campo em Yverdon, na Su\u00ed\u00e7a. O Conradi estava l\u00e1. Conradi foi o diretor da obra em toda a Europa. E disse-nos:  <\/em><br\/><em>&#8220;N\u00e3o te preocupes, n\u00e3o vai haver guerra.<\/em>  <br\/>Entrevista com John Graz em 1981.<\/p>\n<\/div><figure class=\"wp-block-media-text__media\"><img decoding=\"async\" src=\"https:\/\/adventrail.wordpress.com\/wp-content\/uploads\/2024\/01\/6a00e008c7fc5c88340153929ea2d0970b-500wi.jpg?w=500\" alt=\"\" class=\"wp-image-310 size-full\"\/><\/figure><\/div>\n\n<h4 class=\"wp-block-heading\">Informa\u00e7\u00f5es pr\u00e1ticas<\/h4>\n\n<p><strong>Igreja Adventista :  <\/strong><br\/>Endere\u00e7o:<a href=\"https:\/\/maps.app.goo.gl\/bQjGkuSJUuKasetEA\">Avenue des Bains 8<\/a>, 1400 Yverdon-les-Bains.<\/p>\n\n<p><strong>Posto de turismo :<\/strong><br\/><a href=\"https:\/\/www.yverdonlesbainsregion.ch\/\">Yverdon-les-Bains<\/a><\/p>\n\n<p><strong>Para saberes mais:<\/strong><br\/><a href=\"https:\/\/www.archivesadventistes.org\/blog\/czechowski_michal_b\/\">Arquivos hist\u00f3ricos do adventismo franc\u00f3fono<\/a><br\/><a href=\"http:\/\/www.archivesadventistes.net\/EN\/AHA\/BRO\/MBCzechowski.pdf\">M.-B. Czechowski<\/a>por A-F Vaucher, Imprimerie FIDES, Collonges-sous-Sal\u00e8ve, 1976<\/p>\n","protected":false},"excerpt":{"rendered":"<p>Os primeiros passos fora do continente Am\u00e9rica do Norte Aparentemente, quando os sapos migram, h\u00e1 sempre um que n\u00e3o segue o grupo e segue o seu pr\u00f3prio caminho. Assim, se alguma coisa acontecesse ao grupo principal, assegurava sozinho a sobreviv\u00eancia da esp\u00e9cie.Com base no que acabei de explicar, e com todo o respeito, parece-me que [&hellip;]<\/p>\n","protected":false},"author":2,"featured_media":529,"comment_status":"open","ping_status":"closed","sticky":false,"template":"","format":"standard","meta":{"footnotes":""},"categories":[38,37],"tags":[],"class_list":["post-1313","post","type-post","status-publish","format-standard","has-post-thumbnail","hentry","category-arte-fr","category-en"],"publishpress_future_action":{"enabled":false,"date":"2026-05-07 00:40:00","action":"change-status","newStatus":"draft","terms":[],"taxonomy":"category"},"publishpress_future_workflow_manual_trigger":{"enabledWorkflows":[]},"_links":{"self":[{"href":"https:\/\/adventtrail.ch\/pt-pt\/wp-json\/wp\/v2\/posts\/1313","targetHints":{"allow":["GET"]}}],"collection":[{"href":"https:\/\/adventtrail.ch\/pt-pt\/wp-json\/wp\/v2\/posts"}],"about":[{"href":"https:\/\/adventtrail.ch\/pt-pt\/wp-json\/wp\/v2\/types\/post"}],"author":[{"embeddable":true,"href":"https:\/\/adventtrail.ch\/pt-pt\/wp-json\/wp\/v2\/users\/2"}],"replies":[{"embeddable":true,"href":"https:\/\/adventtrail.ch\/pt-pt\/wp-json\/wp\/v2\/comments?post=1313"}],"version-history":[{"count":3,"href":"https:\/\/adventtrail.ch\/pt-pt\/wp-json\/wp\/v2\/posts\/1313\/revisions"}],"predecessor-version":[{"id":1408,"href":"https:\/\/adventtrail.ch\/pt-pt\/wp-json\/wp\/v2\/posts\/1313\/revisions\/1408"}],"wp:featuredmedia":[{"embeddable":true,"href":"https:\/\/adventtrail.ch\/pt-pt\/wp-json\/wp\/v2\/media\/529"}],"wp:attachment":[{"href":"https:\/\/adventtrail.ch\/pt-pt\/wp-json\/wp\/v2\/media?parent=1313"}],"wp:term":[{"taxonomy":"category","embeddable":true,"href":"https:\/\/adventtrail.ch\/pt-pt\/wp-json\/wp\/v2\/categories?post=1313"},{"taxonomy":"post_tag","embeddable":true,"href":"https:\/\/adventtrail.ch\/pt-pt\/wp-json\/wp\/v2\/tags?post=1313"}],"curies":[{"name":"wp","href":"https:\/\/api.w.org\/{rel}","templated":true}]}}